{"id":158925,"date":"2020-11-10T18:25:35","date_gmt":"2020-11-10T16:25:35","guid":{"rendered":"http:\/\/107.6.182.27\/es\/?p=158925"},"modified":"2020-11-10T18:25:35","modified_gmt":"2020-11-10T16:25:35","slug":"severas-sanciones-seran-aplicadas-contra-personas-que-trafican-con-rubros-subsidiados-por-el-gobierno-afirma-gabinete","status":"publish","type":"post","link":"https:\/\/archive.sana.sy\/es\/?p=158925","title":{"rendered":"Severas sanciones ser\u00e1n aplicadas contra personas que trafican con rubros subsidiados por el gobierno, afirma Gabinete"},"content":{"rendered":"<p style=\"text-align: justify\"><span style=\"color: #800000\">Damasco, SANA<\/span><\/p>\n<p style=\"text-align: justify\">El Consejo de Ministros aprob\u00f3 el plan de comercializaci\u00f3n de la cosecha de c\u00edtricos estimada en m\u00e1s de 788 mil toneladas para la temporada actual.<\/p>\n<p style=\"text-align: justify\">Seg\u00fan el plan la Compa\u00f1\u00eda \u201cSyrian Trading\u201d comparar\u00e1 la mayor cantidad posible de este rubro a los agricultores, as\u00ed como tomar\u00e1 las medidas necesarias para exportar las cantidades excedentes a los mercados exteriores.<\/p>\n<p style=\"text-align: justify\">Durante la sesi\u00f3n semanal del Gabinete, el primer ministro, Hossein Arnous, destac\u00f3 la necesidad de redoblar esfuerzos para finalizar los proyectos de producci\u00f3n y de servicios en fase de ejecuci\u00f3n.<\/p>\n<p style=\"text-align: justify\">El Consejo afirm\u00f3 que se aplicar\u00e1n severas sanciones contra las panader\u00edas que cometen infracciones y las personas o partes que trafican con la harina de trigo, y los derivados del petr\u00f3leo o cualquier rubro subsidiado por el gobierno.<\/p>\n<p style=\"text-align: justify\">Acord\u00f3 culminar el proyecto de restauraci\u00f3n y rehabilitaci\u00f3n del Hospital Universitario de Obstetricia y Ginecolog\u00eda de Damasco, y extremar las medidas de prevenci\u00f3n contra la propagaci\u00f3n de la pandemia del Covid-19 en las instituciones, los lugares p\u00fablicos y en los mercados.<\/p>\n<p style=\"text-align: justify\">\n<p style=\"text-align: justify\"><span style=\"color: #0000ff\"><em>la<\/em><\/span><\/p>\n","protected":false},"excerpt":{"rendered":"<p>Damasco, SANA El Consejo de Ministros aprob\u00f3 el plan de comercializaci\u00f3n de la cosecha de c\u00edtricos estimada en m\u00e1s de 788 mil toneladas para la temporada actual. Seg\u00fan el plan la Compa\u00f1\u00eda \u201cSyrian Trading\u201d comparar\u00e1 la mayor cantidad posible de este rubro a los agricultores, as\u00ed como tomar\u00e1 las medidas necesarias para exportar las cantidades &hellip;<\/p>\n","protected":false},"author":24,"featured_media":158926,"comment_status":"closed","ping_status":"closed","sticky":false,"template":"","format":"standard","meta":{"footnotes":""},"categories":[597,476,7541],"tags":[],"class_list":["post-158925","post","type-post","status-publish","format-standard","has-post-thumbnail","","category-cinta-de-noticias","category-locales","category-ultimas-noticias"],"_links":{"self":[{"href":"https:\/\/archive.sana.sy\/es\/index.php?rest_route=\/wp\/v2\/posts\/158925"}],"collection":[{"href":"https:\/\/archive.sana.sy\/es\/index.php?rest_route=\/wp\/v2\/posts"}],"about":[{"href":"https:\/\/archive.sana.sy\/es\/index.php?rest_route=\/wp\/v2\/types\/post"}],"author":[{"embeddable":true,"href":"https:\/\/archive.sana.sy\/es\/index.php?rest_route=\/wp\/v2\/users\/24"}],"replies":[{"embeddable":true,"href":"https:\/\/archive.sana.sy\/es\/index.php?rest_route=%2Fwp%2Fv2%2Fcomments&post=158925"}],"version-history":[{"count":0,"href":"https:\/\/archive.sana.sy\/es\/index.php?rest_route=\/wp\/v2\/posts\/158925\/revisions"}],"wp:featuredmedia":[{"embeddable":true,"href":"https:\/\/archive.sana.sy\/es\/index.php?rest_route=\/wp\/v2\/media\/158926"}],"wp:attachment":[{"href":"https:\/\/archive.sana.sy\/es\/index.php?rest_route=%2Fwp%2Fv2%2Fmedia&parent=158925"}],"wp:term":[{"taxonomy":"category","embeddable":true,"href":"https:\/\/archive.sana.sy\/es\/index.php?rest_route=%2Fwp%2Fv2%2Fcategories&post=158925"},{"taxonomy":"post_tag","embeddable":true,"href":"https:\/\/archive.sana.sy\/es\/index.php?rest_route=%2Fwp%2Fv2%2Ftags&post=158925"}],"curies":[{"name":"wp","href":"https:\/\/api.w.org\/{rel}","templated":true}]}}