{"id":158958,"date":"2020-11-10T22:26:09","date_gmt":"2020-11-10T20:26:09","guid":{"rendered":"http:\/\/107.6.182.27\/es\/?p=158958"},"modified":"2020-11-10T22:26:09","modified_gmt":"2020-11-10T20:26:09","slug":"ministro-de-electricidad-tacha-de-infundadas-las-informaciones-sobre-tema-de-los-amperios","status":"publish","type":"post","link":"https:\/\/archive.sana.sy\/es\/?p=158958","title":{"rendered":"Ministro de Electricidad tacha de \u201cinfundadas\u201d las informaciones sobre tema de los &#8220;amperios&#8221;"},"content":{"rendered":"<p><span style=\"color: #800000;\">Damasco, SANA<\/span><\/p>\n<p style=\"text-align: justify;\">El ministro de Electricidad, Ing. Ghassan Al-Zamil, confirm\u00f3 que todo lo que se rumorea en las redes sociales sobre el tema de los &#8220;amperios&#8221; en Damasco y su campi\u00f1a es completamente falso.<\/p>\n<p style=\"text-align: justify;\">&#8221; Este asunto no se ha abordado ni se ha discutido en absoluto\u201d, declar\u00f3 el ministro, agregando que \u201c la Cartera de Electricidad es la \u00fanica parte que tiene el derecho exclusivo de distribuci\u00f3n de energ\u00eda a el\u00e9ctrica&#8221;.<\/p>\n<p style=\"text-align: justify;\">Asimismo, recomend\u00f3 recurrir a los medios oficiales para obtener las informaciones correctas sobre cualquier tema relacionado con el trabajo del Ministerio.<\/p>\n<p style=\"text-align: justify;\">Cabe se\u00f1alar que el Ministerio de Electricidad est\u00e1 trabajando en la introducci\u00f3n de nuevos grupos electr\u00f3genos en el segundo semestre de este mes con el fin de generar \/ 700 \/ MW, mientras contin\u00faa trabajando para mejorar la eficiencia del rendimiento de la red y evitar cualquier problema durante los meses de invierno.<\/p>\n<p><em>mm<\/em><\/p>\n","protected":false},"excerpt":{"rendered":"<p>Damasco, SANA El ministro de Electricidad, Ing. Ghassan Al-Zamil, confirm\u00f3 que todo lo que se rumorea en las redes sociales sobre el tema de los &#8220;amperios&#8221; en Damasco y su campi\u00f1a es completamente falso. &#8221; Este asunto no se ha abordado ni se ha discutido en absoluto\u201d, declar\u00f3 el ministro, agregando que \u201c la Cartera &hellip;<\/p>\n","protected":false},"author":36,"featured_media":158959,"comment_status":"closed","ping_status":"closed","sticky":false,"template":"","format":"standard","meta":{"footnotes":""},"categories":[597,476],"tags":[],"class_list":["post-158958","post","type-post","status-publish","format-standard","has-post-thumbnail","","category-cinta-de-noticias","category-locales"],"_links":{"self":[{"href":"https:\/\/archive.sana.sy\/es\/index.php?rest_route=\/wp\/v2\/posts\/158958"}],"collection":[{"href":"https:\/\/archive.sana.sy\/es\/index.php?rest_route=\/wp\/v2\/posts"}],"about":[{"href":"https:\/\/archive.sana.sy\/es\/index.php?rest_route=\/wp\/v2\/types\/post"}],"author":[{"embeddable":true,"href":"https:\/\/archive.sana.sy\/es\/index.php?rest_route=\/wp\/v2\/users\/36"}],"replies":[{"embeddable":true,"href":"https:\/\/archive.sana.sy\/es\/index.php?rest_route=%2Fwp%2Fv2%2Fcomments&post=158958"}],"version-history":[{"count":0,"href":"https:\/\/archive.sana.sy\/es\/index.php?rest_route=\/wp\/v2\/posts\/158958\/revisions"}],"wp:featuredmedia":[{"embeddable":true,"href":"https:\/\/archive.sana.sy\/es\/index.php?rest_route=\/wp\/v2\/media\/158959"}],"wp:attachment":[{"href":"https:\/\/archive.sana.sy\/es\/index.php?rest_route=%2Fwp%2Fv2%2Fmedia&parent=158958"}],"wp:term":[{"taxonomy":"category","embeddable":true,"href":"https:\/\/archive.sana.sy\/es\/index.php?rest_route=%2Fwp%2Fv2%2Fcategories&post=158958"},{"taxonomy":"post_tag","embeddable":true,"href":"https:\/\/archive.sana.sy\/es\/index.php?rest_route=%2Fwp%2Fv2%2Ftags&post=158958"}],"curies":[{"name":"wp","href":"https:\/\/api.w.org\/{rel}","templated":true}]}}