{"id":158971,"date":"2020-11-11T10:33:49","date_gmt":"2020-11-11T08:33:49","guid":{"rendered":"http:\/\/107.6.182.27\/es\/?p=158971"},"modified":"2020-11-11T23:49:53","modified_gmt":"2020-11-11T21:49:53","slug":"arranco-conferencia-internacional-sobre-retorno-de-refugiados-sirios-en-el-palacio-de-convenciones-en-damasco","status":"publish","type":"post","link":"https:\/\/archive.sana.sy\/es\/?p=158971","title":{"rendered":"Presidente Al-Assad pronuncia discurso de apertura de la Conferencia Internacional sobre Retorno de Refugiados Sirios"},"content":{"rendered":"<p style=\"text-align: justify;\"><strong><span style=\"color: #800000;\">Damasco, SANA<\/span><\/strong><\/p>\n<p style=\"text-align: justify;\">El presidente Bashar Al-Assad pronunci\u00f3 hoy un discurso por videoconferencia en la sesi\u00f3n de apertura de la Conferencia Internacional sobre Retorno de Refugiados Sirios que se celebra en el Palacio de Convenciones en Damasco.<\/p>\n<p style=\"text-align: justify;\">&#8220;Bienvenidos a Siria, que, a pesar de estar desangrada por los largos a\u00f1os de guerra y est\u00e1 llena de heridas y le pesa la crueldad del asedio y la criminalidad del terrorismo, est\u00e1 alegre por recibir a gente verdaderamente honesta que lleva en su coraz\u00f3n, mente y conciencia la causa de la humanidad en todo tiempo y lugar&#8221;, dijo el mandatario.<\/p>\n<p style=\"text-align: justify;\"><span style=\"color: #0000ff;\"><strong>Presidente Al Assad: Agradezco a los amigos rusos e iran\u00edes por su apoyo a Siria y a la celebraci\u00f3n de la conferencia.<\/strong><\/span><\/p>\n<p style=\"text-align: justify;\">Agradeci\u00f3 a los rusos e iran\u00edes por apoyar a Siria y contribuir a la celebraci\u00f3n de esta conferencia. &#8220;Agradezco profundamente a los amigos rusos por su gran esfuerzo y trabajo incansable para apoyar la celebraci\u00f3n de esta conferencia a pesar de los intentos internacionales de frustrarla, y tambi\u00e9n agradezco a los amigos iran\u00edes por sus esfuerzos en este sentido y por su apoyo real que contribuy\u00f3 a aliviar el impacto de la guerra y el asedio&#8221;, remarc\u00f3.<\/p>\n<p style=\"text-align: justify;\">Destac\u00f3 que Siria trabaja diligentemente por el retorno de cada refugiado que desee regresar y contribuir a la reconstrucci\u00f3n de su patria, sin embargo, explic\u00f3 que &#8220;los obst\u00e1culos son grandes, y adem\u00e1s de las presiones a las que est\u00e1n sometidos los refugiados sirios en el exterior para impedir su retorno, las sanciones econ\u00f3micas ilegales y el bloqueo impuestos por el r\u00e9gimen estadounidense y sus aliados obstaculizan los esfuerzos de las instituciones estatales sirias que tienen como objetivo rehabilitar la infraestructura en las zonas devastadas por el terrorismo para que los refugiados puedan regresar y vivir una vida digna en condiciones normales&#8221;.<\/p>\n<p style=\"text-align: justify;\"><span style=\"color: #0000ff;\"><strong>Presidente Al-Assad: &#8220;el problema de refugiados es cuesti\u00f3n nacional y logramos devolver a cientos de miles<\/strong><\/span><br \/>\nEl gobernante manifest\u00f3 que &#8220;algunos pa\u00edses acogieron a los refugiados a base de principios \u00e9ticos humanitarios mientras otros de Occidente y de la regi\u00f3n explotaron de forma atroz esta cuesti\u00f3n humanitaria y la convirtieron en carta de negociaci\u00f3n pol\u00edtica&#8221;.<\/p>\n<p style=\"text-align: justify;\">&#8220;Si el problema de los refugiados para el mundo es una cuesti\u00f3n humanitaria, para nosotros, adem\u00e1s de humanitaria, es una cuesti\u00f3n nacional y hemos logrado devolver a cientos de miles de refugiados durante los \u00faltimos a\u00f1os&#8221;, asegur\u00f3 el presidente.<\/p>\n<p style=\"text-align: justify;\"><span style=\"color: #0000ff;\"><strong>Presidente Al Assad: la mayor\u00eda de los sirios quieren regresar porque se niegan a ser una &#8220;carta&#8221; en manos de reg\u00edmenes que apoyan el terrorismo contra su patria.<\/strong><\/span><\/p>\n<p style=\"text-align: justify;\">Al-Assad explic\u00f3 que la abrumadora mayor\u00eda de los sirios en el extranjero est\u00e1n ahora m\u00e1s dispuestos que nunca a regresar a su patria porque se niegan a ser un &#8220;n\u00famero&#8221; en las listas de explotaci\u00f3n pol\u00edtica y una &#8220;carta&#8221; en manos de reg\u00edmenes que apoyan el terrorismo contra su patria.<\/p>\n<p style=\"text-align: justify;\">&#8220;La cuesti\u00f3n de los refugiados en Siria es una cuesti\u00f3n fabricada, ya que la historia de Siria y durante los siglos pasados carece de cualquier caso de desplazamiento colectivo; y aunque Siria ha sufrido a lo largo de su historia moderna y antigua de ocupaciones sucesivas y disturbios continuos hasta finales de los a\u00f1os sesenta del siglo pasado, pero sigui\u00f3 siendo un lugar a los que otros recurren y se refugian huyendo de los disturbios y las crisis, y no al rev\u00e9s&#8221;, aclar\u00f3.<\/p>\n<p style=\"text-align: justify;\"><strong><span style=\"color: #0000ff;\">Presidente Al Assad: reg\u00edmenes occidentales y pa\u00edses que le subordinan crearan condiciones para un desplazamiento masivo de los sirios<\/span> <\/strong><\/p>\n<p style=\"text-align: justify;\">Denunci\u00f3 que reg\u00edmenes occidentales encabezados por el r\u00e9gimen estadounidense y los pa\u00edses que le subordinan en la regi\u00f3n, espec\u00edficamente Turqu\u00eda, crearan condiciones para impulsar a los sirios a salir colectivamente de su pa\u00eds para que eso sea una justificaci\u00f3n para interferir en los asuntos sirios y luego dividir el estado y convertirlo e subordinado que trabaja por sus intereses en lugar de los intereses de su pueblo.<\/p>\n<p style=\"text-align: justify;\">&#8220;La propagaci\u00f3n del terrorismo fue la forma m\u00e1s f\u00e1cil, y su plan comenz\u00f3 con la creaci\u00f3n del &#8220;Estado Isl\u00e1mico terrorista&#8221; en Iraq en 2006 bajo los auspicios de Estados Unidos, y esa agrupaci\u00f3n terrorista se uni\u00f3 en Siria a sus hermanos como la Hermandad Musulmana, Al-Nousra y otros, y destruy\u00f3 la infraestructura, mat\u00f3 los inocentes, paraliz\u00f3 los servicios p\u00fablicos y propag\u00f3 el horror y oblig\u00f3 a los sirios a huir de su patria&#8221;, dijo el presidente.<\/p>\n<p style=\"text-align: justify;\">Aclar\u00f3 que &#8220;en el a\u00f1o 2014, cuando parec\u00eda que el Estado sirio estaba en camino de restablecer la seguridad y la estabilidad, esos pa\u00edses movilizaron al Estado Isl\u00e1mico con el objetivo de dispersar a las fuerzas armadas y habilitar a los terroristas para que ocuparan gran parte del territorio sirio, la mayor parte del cual se recuper\u00f3 gracias a los sacrificios de nuestro ej\u00e9rcito nacional y con el apoyo de nuestros amigos, este apoyo tuvo un gran impacto en la derrota de los terroristas y la liberaci\u00f3n de muchas \u00e1reas&#8221;.<\/p>\n<p style=\"text-align: justify;\">En su discurso, el presidente opin\u00f3 que &#8220;hoy nos enfrentamos a un problema complejo de tres elementos interconectados: millones de refugiados que desean regresar, cientos de miles de millones de infraestructura destruida y el terrorismo a\u00fan afecta algunas \u00e1reas sirias&#8221;.<\/p>\n<p style=\"text-align: justify;\">Resalt\u00f3 que las instituciones del Estado sirio han podido dar pasos aceptables si tomamos en cuenta sus capacidades para hacer frente a este gran desaf\u00edo.<\/p>\n<p style=\"text-align: justify;\">En paralelo con la continuaci\u00f3n de la guerra contra el terrorismo, se proporcionaron facilidades y garant\u00edas para el regreso de cientos de miles de refugiados a la patria a trav\u00e9s de muchas legislaciones como prorrogar el servicio obligatorio por un a\u00f1o a los retornados y numerosos decretos de amnist\u00eda que beneficiaron a quienes est\u00e1n dentro y fuera de la patria&#8221;.<\/p>\n<p style=\"text-align: justify;\">&#8220;Es cierto que esos pasos ser\u00e1n m\u00e1s r\u00e1pidos a medida que aumenten las capacidades y eso est\u00e1 vinculado al declive de los obst\u00e1culos que representa el bloqueo econ\u00f3mico y las sanciones que privan al Estado de los medios m\u00e1s simples necesarios para la reconstrucci\u00f3n y conducen a un deterioro de las condiciones econ\u00f3micas y de vida, lo que priva a la poblaci\u00f3n de las oportunidades para una vida digna y priva a los refugiados de la oportunidad de regresar&#8221;, concluy\u00f3.<\/p>\n<div id='gallery-1' class='gallery galleryid-158971 gallery-columns-1 gallery-size-full'><figure class='gallery-item'>\n\t\t\t<div class='gallery-icon landscape'>\n\t\t\t\t<a href='https:\/\/archive.sana.sy\/es\/wp-content\/uploads\/2020\/11\/asad.jpg'><img loading=\"lazy\" decoding=\"async\" width=\"660\" height=\"459\" src=\"https:\/\/archive.sana.sy\/es\/wp-content\/uploads\/2020\/11\/asad.jpg\" class=\"attachment-full size-full\" alt=\"\" srcset=\"https:\/\/archive.sana.sy\/es\/wp-content\/uploads\/2020\/11\/asad.jpg 660w, https:\/\/archive.sana.sy\/es\/wp-content\/uploads\/2020\/11\/asad-300x209.jpg 300w, https:\/\/archive.sana.sy\/es\/wp-content\/uploads\/2020\/11\/asad-150x104.jpg 150w\" sizes=\"(max-width: 660px) 100vw, 660px\" \/><\/a>\n\t\t\t<\/div><\/figure><figure class='gallery-item'>\n\t\t\t<div class='gallery-icon landscape'>\n\t\t\t\t<a href='https:\/\/archive.sana.sy\/es\/wp-content\/uploads\/2020\/11\/\u0631\u0626\u064a\u06330.jpg'><img loading=\"lazy\" decoding=\"async\" width=\"660\" height=\"371\" src=\"https:\/\/archive.sana.sy\/es\/wp-content\/uploads\/2020\/11\/\u0631\u0626\u064a\u06330.jpg\" class=\"attachment-full size-full\" alt=\"\" srcset=\"https:\/\/archive.sana.sy\/es\/wp-content\/uploads\/2020\/11\/\u0631\u0626\u064a\u06330.jpg 660w, https:\/\/archive.sana.sy\/es\/wp-content\/uploads\/2020\/11\/\u0631\u0626\u064a\u06330-300x169.jpg 300w, https:\/\/archive.sana.sy\/es\/wp-content\/uploads\/2020\/11\/\u0631\u0626\u064a\u06330-150x84.jpg 150w\" sizes=\"(max-width: 660px) 100vw, 660px\" \/><\/a>\n\t\t\t<\/div><\/figure><figure class='gallery-item'>\n\t\t\t<div class='gallery-icon landscape'>\n\t\t\t\t<a href='https:\/\/archive.sana.sy\/es\/wp-content\/uploads\/2020\/11\/nnnnnnnnn-1.jpg'><img loading=\"lazy\" decoding=\"async\" width=\"2560\" height=\"1440\" src=\"https:\/\/archive.sana.sy\/es\/wp-content\/uploads\/2020\/11\/nnnnnnnnn-1.jpg\" class=\"attachment-full size-full\" alt=\"\" srcset=\"https:\/\/archive.sana.sy\/es\/wp-content\/uploads\/2020\/11\/nnnnnnnnn-1.jpg 2560w, https:\/\/archive.sana.sy\/es\/wp-content\/uploads\/2020\/11\/nnnnnnnnn-1-300x169.jpg 300w, https:\/\/archive.sana.sy\/es\/wp-content\/uploads\/2020\/11\/nnnnnnnnn-1-1024x576.jpg 1024w, https:\/\/archive.sana.sy\/es\/wp-content\/uploads\/2020\/11\/nnnnnnnnn-1-150x84.jpg 150w, https:\/\/archive.sana.sy\/es\/wp-content\/uploads\/2020\/11\/nnnnnnnnn-1-768x432.jpg 768w, https:\/\/archive.sana.sy\/es\/wp-content\/uploads\/2020\/11\/nnnnnnnnn-1-1536x864.jpg 1536w, https:\/\/archive.sana.sy\/es\/wp-content\/uploads\/2020\/11\/nnnnnnnnn-1-2048x1152.jpg 2048w\" sizes=\"(max-width: 2560px) 100vw, 2560px\" \/><\/a>\n\t\t\t<\/div><\/figure><figure class='gallery-item'>\n\t\t\t<div class='gallery-icon landscape'>\n\t\t\t\t<a href='https:\/\/archive.sana.sy\/es\/wp-content\/uploads\/2020\/11\/ll-2.jpg'><img loading=\"lazy\" decoding=\"async\" width=\"2560\" height=\"1464\" src=\"https:\/\/archive.sana.sy\/es\/wp-content\/uploads\/2020\/11\/ll-2.jpg\" class=\"attachment-full size-full\" alt=\"\" srcset=\"https:\/\/archive.sana.sy\/es\/wp-content\/uploads\/2020\/11\/ll-2.jpg 2560w, https:\/\/archive.sana.sy\/es\/wp-content\/uploads\/2020\/11\/ll-2-300x172.jpg 300w, https:\/\/archive.sana.sy\/es\/wp-content\/uploads\/2020\/11\/ll-2-1024x586.jpg 1024w, https:\/\/archive.sana.sy\/es\/wp-content\/uploads\/2020\/11\/ll-2-150x86.jpg 150w, https:\/\/archive.sana.sy\/es\/wp-content\/uploads\/2020\/11\/ll-2-768x439.jpg 768w, https:\/\/archive.sana.sy\/es\/wp-content\/uploads\/2020\/11\/ll-2-1536x878.jpg 1536w, https:\/\/archive.sana.sy\/es\/wp-content\/uploads\/2020\/11\/ll-2-2048x1171.jpg 2048w\" sizes=\"(max-width: 2560px) 100vw, 2560px\" \/><\/a>\n\t\t\t<\/div><\/figure><figure class='gallery-item'>\n\t\t\t<div class='gallery-icon landscape'>\n\t\t\t\t<a href='https:\/\/archive.sana.sy\/es\/wp-content\/uploads\/2020\/11\/llll.jpg'><img loading=\"lazy\" decoding=\"async\" width=\"2560\" height=\"1440\" src=\"https:\/\/archive.sana.sy\/es\/wp-content\/uploads\/2020\/11\/llll.jpg\" class=\"attachment-full size-full\" alt=\"\" srcset=\"https:\/\/archive.sana.sy\/es\/wp-content\/uploads\/2020\/11\/llll.jpg 2560w, https:\/\/archive.sana.sy\/es\/wp-content\/uploads\/2020\/11\/llll-300x169.jpg 300w, https:\/\/archive.sana.sy\/es\/wp-content\/uploads\/2020\/11\/llll-1024x576.jpg 1024w, https:\/\/archive.sana.sy\/es\/wp-content\/uploads\/2020\/11\/llll-150x84.jpg 150w, https:\/\/archive.sana.sy\/es\/wp-content\/uploads\/2020\/11\/llll-768x432.jpg 768w, https:\/\/archive.sana.sy\/es\/wp-content\/uploads\/2020\/11\/llll-1536x864.jpg 1536w, https:\/\/archive.sana.sy\/es\/wp-content\/uploads\/2020\/11\/llll-2048x1152.jpg 2048w\" sizes=\"(max-width: 2560px) 100vw, 2560px\" \/><\/a>\n\t\t\t<\/div><\/figure><figure class='gallery-item'>\n\t\t\t<div class='gallery-icon landscape'>\n\t\t\t\t<a href='https:\/\/archive.sana.sy\/es\/wp-content\/uploads\/2020\/11\/mmmmmmmmmmm-660x330-2.jpg'><img loading=\"lazy\" decoding=\"async\" width=\"660\" height=\"330\" src=\"https:\/\/archive.sana.sy\/es\/wp-content\/uploads\/2020\/11\/mmmmmmmmmmm-660x330-2.jpg\" class=\"attachment-full size-full\" alt=\"\" srcset=\"https:\/\/archive.sana.sy\/es\/wp-content\/uploads\/2020\/11\/mmmmmmmmmmm-660x330-2.jpg 660w, https:\/\/archive.sana.sy\/es\/wp-content\/uploads\/2020\/11\/mmmmmmmmmmm-660x330-2-300x150.jpg 300w, https:\/\/archive.sana.sy\/es\/wp-content\/uploads\/2020\/11\/mmmmmmmmmmm-660x330-2-150x75.jpg 150w\" sizes=\"(max-width: 660px) 100vw, 660px\" \/><\/a>\n\t\t\t<\/div><\/figure><figure class='gallery-item'>\n\t\t\t<div class='gallery-icon landscape'>\n\t\t\t\t<a href='https:\/\/archive.sana.sy\/es\/wp-content\/uploads\/2020\/11\/nn.jpg'><img loading=\"lazy\" decoding=\"async\" width=\"2560\" height=\"1440\" src=\"https:\/\/archive.sana.sy\/es\/wp-content\/uploads\/2020\/11\/nn.jpg\" class=\"attachment-full size-full\" alt=\"\" srcset=\"https:\/\/archive.sana.sy\/es\/wp-content\/uploads\/2020\/11\/nn.jpg 2560w, https:\/\/archive.sana.sy\/es\/wp-content\/uploads\/2020\/11\/nn-300x169.jpg 300w, https:\/\/archive.sana.sy\/es\/wp-content\/uploads\/2020\/11\/nn-1024x576.jpg 1024w, https:\/\/archive.sana.sy\/es\/wp-content\/uploads\/2020\/11\/nn-150x84.jpg 150w, https:\/\/archive.sana.sy\/es\/wp-content\/uploads\/2020\/11\/nn-768x432.jpg 768w, https:\/\/archive.sana.sy\/es\/wp-content\/uploads\/2020\/11\/nn-1536x864.jpg 1536w, https:\/\/archive.sana.sy\/es\/wp-content\/uploads\/2020\/11\/nn-2048x1152.jpg 2048w\" sizes=\"(max-width: 2560px) 100vw, 2560px\" \/><\/a>\n\t\t\t<\/div><\/figure><figure class='gallery-item'>\n\t\t\t<div class='gallery-icon landscape'>\n\t\t\t\t<a href='https:\/\/archive.sana.sy\/es\/wp-content\/uploads\/2020\/11\/nnnnn.jpg'><img loading=\"lazy\" decoding=\"async\" width=\"2560\" height=\"1440\" src=\"https:\/\/archive.sana.sy\/es\/wp-content\/uploads\/2020\/11\/nnnnn.jpg\" class=\"attachment-full size-full\" alt=\"\" srcset=\"https:\/\/archive.sana.sy\/es\/wp-content\/uploads\/2020\/11\/nnnnn.jpg 2560w, https:\/\/archive.sana.sy\/es\/wp-content\/uploads\/2020\/11\/nnnnn-300x169.jpg 300w, https:\/\/archive.sana.sy\/es\/wp-content\/uploads\/2020\/11\/nnnnn-1024x576.jpg 1024w, https:\/\/archive.sana.sy\/es\/wp-content\/uploads\/2020\/11\/nnnnn-150x84.jpg 150w, https:\/\/archive.sana.sy\/es\/wp-content\/uploads\/2020\/11\/nnnnn-768x432.jpg 768w, https:\/\/archive.sana.sy\/es\/wp-content\/uploads\/2020\/11\/nnnnn-1536x864.jpg 1536w, https:\/\/archive.sana.sy\/es\/wp-content\/uploads\/2020\/11\/nnnnn-2048x1152.jpg 2048w\" sizes=\"(max-width: 2560px) 100vw, 2560px\" \/><\/a>\n\t\t\t<\/div><\/figure><figure class='gallery-item'>\n\t\t\t<div class='gallery-icon landscape'>\n\t\t\t\t<a href='https:\/\/archive.sana.sy\/es\/wp-content\/uploads\/2020\/11\/nnnnnn.jpg'><img loading=\"lazy\" decoding=\"async\" width=\"2560\" height=\"1440\" src=\"https:\/\/archive.sana.sy\/es\/wp-content\/uploads\/2020\/11\/nnnnnn.jpg\" class=\"attachment-full size-full\" alt=\"\" srcset=\"https:\/\/archive.sana.sy\/es\/wp-content\/uploads\/2020\/11\/nnnnnn.jpg 2560w, https:\/\/archive.sana.sy\/es\/wp-content\/uploads\/2020\/11\/nnnnnn-300x169.jpg 300w, https:\/\/archive.sana.sy\/es\/wp-content\/uploads\/2020\/11\/nnnnnn-1024x576.jpg 1024w, https:\/\/archive.sana.sy\/es\/wp-content\/uploads\/2020\/11\/nnnnnn-150x84.jpg 150w, https:\/\/archive.sana.sy\/es\/wp-content\/uploads\/2020\/11\/nnnnnn-768x432.jpg 768w, https:\/\/archive.sana.sy\/es\/wp-content\/uploads\/2020\/11\/nnnnnn-1536x864.jpg 1536w, https:\/\/archive.sana.sy\/es\/wp-content\/uploads\/2020\/11\/nnnnnn-2048x1152.jpg 2048w\" sizes=\"(max-width: 2560px) 100vw, 2560px\" \/><\/a>\n\t\t\t<\/div><\/figure><figure class='gallery-item'>\n\t\t\t<div class='gallery-icon landscape'>\n\t\t\t\t<a href='https:\/\/archive.sana.sy\/es\/wp-content\/uploads\/2020\/11\/tt.jpg'><img loading=\"lazy\" decoding=\"async\" width=\"2560\" height=\"1440\" src=\"https:\/\/archive.sana.sy\/es\/wp-content\/uploads\/2020\/11\/tt.jpg\" class=\"attachment-full size-full\" alt=\"\" srcset=\"https:\/\/archive.sana.sy\/es\/wp-content\/uploads\/2020\/11\/tt.jpg 2560w, https:\/\/archive.sana.sy\/es\/wp-content\/uploads\/2020\/11\/tt-300x169.jpg 300w, https:\/\/archive.sana.sy\/es\/wp-content\/uploads\/2020\/11\/tt-1024x576.jpg 1024w, https:\/\/archive.sana.sy\/es\/wp-content\/uploads\/2020\/11\/tt-150x84.jpg 150w, https:\/\/archive.sana.sy\/es\/wp-content\/uploads\/2020\/11\/tt-768x432.jpg 768w, https:\/\/archive.sana.sy\/es\/wp-content\/uploads\/2020\/11\/tt-1536x864.jpg 1536w, https:\/\/archive.sana.sy\/es\/wp-content\/uploads\/2020\/11\/tt-2048x1152.jpg 2048w\" sizes=\"(max-width: 2560px) 100vw, 2560px\" \/><\/a>\n\t\t\t<\/div><\/figure><figure class='gallery-item'>\n\t\t\t<div class='gallery-icon landscape'>\n\t\t\t\t<a href='https:\/\/archive.sana.sy\/es\/wp-content\/uploads\/2020\/11\/eeeeee.jpg'><img loading=\"lazy\" decoding=\"async\" width=\"660\" height=\"370\" src=\"https:\/\/archive.sana.sy\/es\/wp-content\/uploads\/2020\/11\/eeeeee.jpg\" class=\"attachment-full size-full\" alt=\"\" srcset=\"https:\/\/archive.sana.sy\/es\/wp-content\/uploads\/2020\/11\/eeeeee.jpg 660w, https:\/\/archive.sana.sy\/es\/wp-content\/uploads\/2020\/11\/eeeeee-300x168.jpg 300w, https:\/\/archive.sana.sy\/es\/wp-content\/uploads\/2020\/11\/eeeeee-150x84.jpg 150w\" sizes=\"(max-width: 660px) 100vw, 660px\" \/><\/a>\n\t\t\t<\/div><\/figure>\n\t\t<\/div>\n\n<p style=\"text-align: justify;\"><span style=\"color: #0000ff;\"><strong>fm\/ws<\/strong><\/span><\/p>\n","protected":false},"excerpt":{"rendered":"<p>Damasco, SANA El presidente Bashar Al-Assad pronunci\u00f3 hoy un discurso por videoconferencia en la sesi\u00f3n de apertura de la Conferencia Internacional sobre Retorno de Refugiados Sirios que se celebra en el Palacio de Convenciones en Damasco. &#8220;Bienvenidos a Siria, que, a pesar de estar desangrada por los largos a\u00f1os de guerra y est\u00e1 llena de &hellip;<\/p>\n","protected":false},"author":35,"featured_media":159019,"comment_status":"closed","ping_status":"closed","sticky":false,"template":"","format":"standard","meta":{"footnotes":""},"categories":[477,597,476,583],"tags":[],"class_list":["post-158971","post","type-post","status-publish","format-standard","has-post-thumbnail","","category-noticias-edulcorantes","category-cinta-de-noticias","category-locales","category-slide"],"_links":{"self":[{"href":"https:\/\/archive.sana.sy\/es\/index.php?rest_route=\/wp\/v2\/posts\/158971"}],"collection":[{"href":"https:\/\/archive.sana.sy\/es\/index.php?rest_route=\/wp\/v2\/posts"}],"about":[{"href":"https:\/\/archive.sana.sy\/es\/index.php?rest_route=\/wp\/v2\/types\/post"}],"author":[{"embeddable":true,"href":"https:\/\/archive.sana.sy\/es\/index.php?rest_route=\/wp\/v2\/users\/35"}],"replies":[{"embeddable":true,"href":"https:\/\/archive.sana.sy\/es\/index.php?rest_route=%2Fwp%2Fv2%2Fcomments&post=158971"}],"version-history":[{"count":0,"href":"https:\/\/archive.sana.sy\/es\/index.php?rest_route=\/wp\/v2\/posts\/158971\/revisions"}],"wp:featuredmedia":[{"embeddable":true,"href":"https:\/\/archive.sana.sy\/es\/index.php?rest_route=\/wp\/v2\/media\/159019"}],"wp:attachment":[{"href":"https:\/\/archive.sana.sy\/es\/index.php?rest_route=%2Fwp%2Fv2%2Fmedia&parent=158971"}],"wp:term":[{"taxonomy":"category","embeddable":true,"href":"https:\/\/archive.sana.sy\/es\/index.php?rest_route=%2Fwp%2Fv2%2Fcategories&post=158971"},{"taxonomy":"post_tag","embeddable":true,"href":"https:\/\/archive.sana.sy\/es\/index.php?rest_route=%2Fwp%2Fv2%2Ftags&post=158971"}],"curies":[{"name":"wp","href":"https:\/\/api.w.org\/{rel}","templated":true}]}}