{"id":15899,"date":"2015-01-12T12:00:16","date_gmt":"2015-01-12T10:00:16","guid":{"rendered":"http:\/\/www.sana.sy\/es\/?p=15899"},"modified":"2015-01-13T16:23:30","modified_gmt":"2015-01-13T14:23:30","slug":"ffaa-continuan-su-ofensiva-contra-las-organizaciones-terroristas","status":"publish","type":"post","link":"https:\/\/archive.sana.sy\/es\/?p=15899","title":{"rendered":"FFAA contin\u00faan su ofensiva contra las organizaciones terroristas"},"content":{"rendered":"<p>Provincias-SANA<\/p>\n<p>Las fuerzas armadas han dirigido fuertes golpes contra los baluartes de las organizaciones terroristas en la campi\u00f1a de Homs.<\/p>\n<p>En este sentido, una fuente militar anunci\u00f3 que los operativos del Ej\u00e9rcito terminaron con la muerte y herida de un n\u00famero de terroristas en el poblado de Rahoum.<\/p>\n<p>Seg\u00fan la misma fuente, fueron eliminados o lesionados un n\u00famero indeterminado de terroristas de la organizaci\u00f3n del EIIL entre los poblados de Rahoum y Abu Hawadith.<\/p>\n<p>A todo ello, en la ciudad de Ashara en la provincia de Dier Ezzor, fuentes locales dijeron que 5 elementos del EIIL perecieron como consecuencia de la explosi\u00f3n de un artefacto explosivo que fue sembrado en un coche que les transportaba.<\/p>\n<p>Yamil K.<\/p>\n","protected":false},"excerpt":{"rendered":"<p>Provincias-SANA Las fuerzas armadas han dirigido fuertes golpes contra los baluartes de las organizaciones terroristas en la campi\u00f1a de Homs. En este sentido, una fuente militar anunci\u00f3 que los operativos del Ej\u00e9rcito terminaron con la muerte y herida de un n\u00famero de terroristas en el poblado de Rahoum. Seg\u00fan la misma fuente, fueron eliminados o &hellip;<\/p>\n","protected":false},"author":1,"featured_media":15901,"comment_status":"closed","ping_status":"closed","sticky":false,"template":"","format":"standard","meta":{"footnotes":""},"categories":[573],"tags":[],"class_list":["post-15899","post","type-post","status-publish","format-standard","has-post-thumbnail","","category-la-realidad-de-los-acontecimientos-en-siria"],"_links":{"self":[{"href":"https:\/\/archive.sana.sy\/es\/index.php?rest_route=\/wp\/v2\/posts\/15899"}],"collection":[{"href":"https:\/\/archive.sana.sy\/es\/index.php?rest_route=\/wp\/v2\/posts"}],"about":[{"href":"https:\/\/archive.sana.sy\/es\/index.php?rest_route=\/wp\/v2\/types\/post"}],"author":[{"embeddable":true,"href":"https:\/\/archive.sana.sy\/es\/index.php?rest_route=\/wp\/v2\/users\/1"}],"replies":[{"embeddable":true,"href":"https:\/\/archive.sana.sy\/es\/index.php?rest_route=%2Fwp%2Fv2%2Fcomments&post=15899"}],"version-history":[{"count":0,"href":"https:\/\/archive.sana.sy\/es\/index.php?rest_route=\/wp\/v2\/posts\/15899\/revisions"}],"wp:featuredmedia":[{"embeddable":true,"href":"https:\/\/archive.sana.sy\/es\/index.php?rest_route=\/wp\/v2\/media\/15901"}],"wp:attachment":[{"href":"https:\/\/archive.sana.sy\/es\/index.php?rest_route=%2Fwp%2Fv2%2Fmedia&parent=15899"}],"wp:term":[{"taxonomy":"category","embeddable":true,"href":"https:\/\/archive.sana.sy\/es\/index.php?rest_route=%2Fwp%2Fv2%2Fcategories&post=15899"},{"taxonomy":"post_tag","embeddable":true,"href":"https:\/\/archive.sana.sy\/es\/index.php?rest_route=%2Fwp%2Fv2%2Ftags&post=15899"}],"curies":[{"name":"wp","href":"https:\/\/api.w.org\/{rel}","templated":true}]}}