{"id":159042,"date":"2020-11-11T13:00:15","date_gmt":"2020-11-11T11:00:15","guid":{"rendered":"http:\/\/107.6.182.27\/es\/?p=159042"},"modified":"2023-01-09T14:08:13","modified_gmt":"2023-01-09T12:08:13","slug":"historia-de-un-soldado-sirio-mutilado-se-convirtio-en-ejemplo-de-exito","status":"publish","type":"post","link":"https:\/\/archive.sana.sy\/es\/?p=159042","title":{"rendered":"Historia de un soldado sirio mutilado se convirti\u00f3 en ejemplo de \u00e9xito"},"content":{"rendered":"<p style=\"text-align: justify;\"><strong><span style=\"color: #800000;\">Hasakeh, SANA<\/span><\/strong><\/p>\n<p style=\"text-align: justify;\">El soldado mutilado sirio Saleh Hamidi, oriundo de la provincia nororiental de Hasakeh, perdi\u00f3 una de sus extremidades inferiores y sufri\u00f3 una lesi\u00f3n neurol\u00f3gica en su mano derecha mientras defend\u00eda su patria contra los grupos terroristas en la provincia de Idleb.<\/p>\n<p style=\"text-align: justify;\">Este luchador al igual que muchos de sus compa\u00f1eros de armas, dio un ejemplo en la superaci\u00f3n, constancia y el optimismo porque no sucumbi\u00f3 a las condiciones dif\u00edciles sino se convirti\u00f3 en un profesional en el mantenimiento de tel\u00e9fonos m\u00f3viles y abri\u00f3 su propia tienda con el apoyo de la Asociaci\u00f3n Siria para el Desarrollo.<\/p>\n<p style=\"text-align: justify;\">\u201cDespu\u00e9s de que mi proyecto fuera aprobado por la Asociaci\u00f3n Siria para el Desarrollo, hice un curso sobre emprendimiento, en el cual aprend\u00ed c\u00f3mo lidiar con los mercados y c\u00f3mo confiar en m\u00ed mismo\u201d, dijo Hamidi a la agencia SANA.<\/p>\n<p style=\"text-align: justify;\">Expres\u00f3 su deseo de que todas las asociaciones civiles y organizaciones de la ONU acudan a este tipo de apoyo ya que contribuye a la estabilidad de las familias necesitadas e indigentes de la sociedad.<\/p>\n<p style=\"text-align: justify;\">\u201cLa discapacidad nunca debe llevar a la desesperaci\u00f3n, ni tampoco debe ser un obst\u00e1culo para nadie, especialmente para los heridos, durante el enfrentamiento con terroristas\u201d, agreg\u00f3 el militar herido.<\/p>\n<div id='gallery-1' class='gallery galleryid-159042 gallery-columns-1 gallery-size-full'><figure class='gallery-item'>\n\t\t\t<div class='gallery-icon landscape'>\n\t\t\t\t<a href='https:\/\/archive.sana.sy\/es\/?attachment_id=159044'><img loading=\"lazy\" decoding=\"async\" width=\"660\" height=\"371\" src=\"https:\/\/archive.sana.sy\/es\/wp-content\/uploads\/2020\/11\/8-75.jpg\" class=\"attachment-full size-full\" alt=\"\" srcset=\"https:\/\/archive.sana.sy\/es\/wp-content\/uploads\/2020\/11\/8-75.jpg 660w, https:\/\/archive.sana.sy\/es\/wp-content\/uploads\/2020\/11\/8-75-300x169.jpg 300w, https:\/\/archive.sana.sy\/es\/wp-content\/uploads\/2020\/11\/8-75-150x84.jpg 150w\" sizes=\"(max-width: 660px) 100vw, 660px\" \/><\/a>\n\t\t\t<\/div><\/figure><figure class='gallery-item'>\n\t\t\t<div class='gallery-icon landscape'>\n\t\t\t\t<a href='https:\/\/archive.sana.sy\/es\/?attachment_id=159045'><img loading=\"lazy\" decoding=\"async\" width=\"660\" height=\"371\" src=\"https:\/\/archive.sana.sy\/es\/wp-content\/uploads\/2020\/11\/9-67.jpg\" class=\"attachment-full size-full\" alt=\"\" srcset=\"https:\/\/archive.sana.sy\/es\/wp-content\/uploads\/2020\/11\/9-67.jpg 660w, https:\/\/archive.sana.sy\/es\/wp-content\/uploads\/2020\/11\/9-67-300x169.jpg 300w, https:\/\/archive.sana.sy\/es\/wp-content\/uploads\/2020\/11\/9-67-150x84.jpg 150w\" sizes=\"(max-width: 660px) 100vw, 660px\" \/><\/a>\n\t\t\t<\/div><\/figure><figure class='gallery-item'>\n\t\t\t<div class='gallery-icon landscape'>\n\t\t\t\t<a href='https:\/\/archive.sana.sy\/es\/?attachment_id=159046'><img loading=\"lazy\" decoding=\"async\" width=\"660\" height=\"371\" src=\"https:\/\/archive.sana.sy\/es\/wp-content\/uploads\/2020\/11\/10-72.jpg\" class=\"attachment-full size-full\" alt=\"\" srcset=\"https:\/\/archive.sana.sy\/es\/wp-content\/uploads\/2020\/11\/10-72.jpg 660w, https:\/\/archive.sana.sy\/es\/wp-content\/uploads\/2020\/11\/10-72-300x169.jpg 300w, https:\/\/archive.sana.sy\/es\/wp-content\/uploads\/2020\/11\/10-72-150x84.jpg 150w\" sizes=\"(max-width: 660px) 100vw, 660px\" \/><\/a>\n\t\t\t<\/div><\/figure>\n\t\t<\/div>\n\n<p style=\"text-align: justify;\"><strong><span style=\"color: #0000ff;\">ws\/fm<\/span><\/strong><\/p>\n","protected":false},"excerpt":{"rendered":"<p>Hasakeh, SANA El soldado mutilado sirio Saleh Hamidi, oriundo de la provincia nororiental de Hasakeh, perdi\u00f3 una de sus extremidades inferiores y sufri\u00f3 una lesi\u00f3n neurol\u00f3gica en su mano derecha mientras defend\u00eda su patria contra los grupos terroristas en la provincia de Idleb. Este luchador al igual que muchos de sus compa\u00f1eros de armas, dio &hellip;<\/p>\n","protected":false},"author":35,"featured_media":159043,"comment_status":"closed","ping_status":"closed","sticky":false,"template":"","format":"standard","meta":{"footnotes":""},"categories":[597,510,476,7541],"tags":[],"class_list":["post-159042","post","type-post","status-publish","format-standard","has-post-thumbnail","","category-cinta-de-noticias","category-arte-y-cultura","category-locales","category-ultimas-noticias"],"_links":{"self":[{"href":"https:\/\/archive.sana.sy\/es\/index.php?rest_route=\/wp\/v2\/posts\/159042"}],"collection":[{"href":"https:\/\/archive.sana.sy\/es\/index.php?rest_route=\/wp\/v2\/posts"}],"about":[{"href":"https:\/\/archive.sana.sy\/es\/index.php?rest_route=\/wp\/v2\/types\/post"}],"author":[{"embeddable":true,"href":"https:\/\/archive.sana.sy\/es\/index.php?rest_route=\/wp\/v2\/users\/35"}],"replies":[{"embeddable":true,"href":"https:\/\/archive.sana.sy\/es\/index.php?rest_route=%2Fwp%2Fv2%2Fcomments&post=159042"}],"version-history":[{"count":0,"href":"https:\/\/archive.sana.sy\/es\/index.php?rest_route=\/wp\/v2\/posts\/159042\/revisions"}],"wp:featuredmedia":[{"embeddable":true,"href":"https:\/\/archive.sana.sy\/es\/index.php?rest_route=\/wp\/v2\/media\/159043"}],"wp:attachment":[{"href":"https:\/\/archive.sana.sy\/es\/index.php?rest_route=%2Fwp%2Fv2%2Fmedia&parent=159042"}],"wp:term":[{"taxonomy":"category","embeddable":true,"href":"https:\/\/archive.sana.sy\/es\/index.php?rest_route=%2Fwp%2Fv2%2Fcategories&post=159042"},{"taxonomy":"post_tag","embeddable":true,"href":"https:\/\/archive.sana.sy\/es\/index.php?rest_route=%2Fwp%2Fv2%2Ftags&post=159042"}],"curies":[{"name":"wp","href":"https:\/\/api.w.org\/{rel}","templated":true}]}}