{"id":159055,"date":"2020-11-11T15:15:58","date_gmt":"2020-11-11T13:15:58","guid":{"rendered":"http:\/\/107.6.182.27\/es\/?p=159055"},"modified":"2020-11-11T17:49:45","modified_gmt":"2020-11-11T15:49:45","slug":"canciller-libanes-insta-a-un-regreso-de-refugiados-sirios-a-su-pais-sin-condiciones-previas","status":"publish","type":"post","link":"https:\/\/archive.sana.sy\/es\/?p=159055","title":{"rendered":"Canciller liban\u00e9s insta a un regreso de refugiados sirios a su pa\u00eds sin condiciones previas"},"content":{"rendered":"<p style=\"text-align: justify\"><span style=\"color: #800000\">Damasco, SANA<\/span><\/p>\n<p style=\"text-align: justify\">El ministro liban\u00e9s de Exteriores y Expatriados, Charbel Wahba, hizo hincapi\u00e9 en la necesidad de intensificar los esfuerzos internacionales para asegurar y garantizar el regreso seguro, digno y gradual de los refugiados sirios a su tierra natal sin condiciones previas, una vez que las condiciones sean propicias para este regreso.<\/p>\n<p style=\"text-align: justify\">Wahba explic\u00f3 en unas palabras por videoconferencia durante la Conferencia Internacional sobre el Retorno de los Refugiados Sirios, celebrada en el Centro de Conferencias de Damasco, que despu\u00e9s de que han pasado m\u00e1s de nueve a\u00f1os del inicio de la crisis en Siria, L\u00edbano espera el regreso de todos aquellos que fueron desplazados y aquellos que buscaron refugio, a su tierra y patria para contribuir a la reconstrucci\u00f3n, teniendo en cuenta extensas zonas de Siria se han vuelto seguras y estables.<\/p>\n<p style=\"text-align: justify\">Seg\u00fan el canciller liban\u00e9s, el principal obst\u00e1culo para avanzar hacia una soluci\u00f3n permanente al problema de los refugiados sirios es la ausencia de una voluntad internacional y la falta de intenciones reales para terminar con este expediente doloroso.<\/p>\n<p style=\"text-align: justify\">Wahba dijo que la presencia de aproximadamente un mill\u00f3n y medio de sirios desplazados en el L\u00edbano contribuy\u00f3 a exacerbar las cargas econ\u00f3micas sobre el estado liban\u00e9s a la luz de las excepcionales condiciones econ\u00f3micas y de salud que el L\u00edbano, el mundo y los pa\u00edses de la regi\u00f3n est\u00e1n experimentando.<\/p>\n<p style=\"text-align: justify\"><span style=\"color: #0000ff\"><strong><em>fm\/la<\/em><\/strong><\/span><\/p>\n","protected":false},"excerpt":{"rendered":"<p>Damasco, SANA El ministro liban\u00e9s de Exteriores y Expatriados, Charbel Wahba, hizo hincapi\u00e9 en la necesidad de intensificar los esfuerzos internacionales para asegurar y garantizar el regreso seguro, digno y gradual de los refugiados sirios a su tierra natal sin condiciones previas, una vez que las condiciones sean propicias para este regreso. Wahba explic\u00f3 en &hellip;<\/p>\n","protected":false},"author":24,"featured_media":159056,"comment_status":"closed","ping_status":"closed","sticky":false,"template":"","format":"standard","meta":{"footnotes":""},"categories":[597,467,7541],"tags":[],"class_list":["post-159055","post","type-post","status-publish","format-standard","has-post-thumbnail","","category-cinta-de-noticias","category-siria-y-el-mundo","category-ultimas-noticias"],"_links":{"self":[{"href":"https:\/\/archive.sana.sy\/es\/index.php?rest_route=\/wp\/v2\/posts\/159055"}],"collection":[{"href":"https:\/\/archive.sana.sy\/es\/index.php?rest_route=\/wp\/v2\/posts"}],"about":[{"href":"https:\/\/archive.sana.sy\/es\/index.php?rest_route=\/wp\/v2\/types\/post"}],"author":[{"embeddable":true,"href":"https:\/\/archive.sana.sy\/es\/index.php?rest_route=\/wp\/v2\/users\/24"}],"replies":[{"embeddable":true,"href":"https:\/\/archive.sana.sy\/es\/index.php?rest_route=%2Fwp%2Fv2%2Fcomments&post=159055"}],"version-history":[{"count":0,"href":"https:\/\/archive.sana.sy\/es\/index.php?rest_route=\/wp\/v2\/posts\/159055\/revisions"}],"wp:featuredmedia":[{"embeddable":true,"href":"https:\/\/archive.sana.sy\/es\/index.php?rest_route=\/wp\/v2\/media\/159056"}],"wp:attachment":[{"href":"https:\/\/archive.sana.sy\/es\/index.php?rest_route=%2Fwp%2Fv2%2Fmedia&parent=159055"}],"wp:term":[{"taxonomy":"category","embeddable":true,"href":"https:\/\/archive.sana.sy\/es\/index.php?rest_route=%2Fwp%2Fv2%2Fcategories&post=159055"},{"taxonomy":"post_tag","embeddable":true,"href":"https:\/\/archive.sana.sy\/es\/index.php?rest_route=%2Fwp%2Fv2%2Ftags&post=159055"}],"curies":[{"name":"wp","href":"https:\/\/api.w.org\/{rel}","templated":true}]}}