{"id":159068,"date":"2020-11-11T15:16:42","date_gmt":"2020-11-11T13:16:42","guid":{"rendered":"http:\/\/107.6.182.27\/es\/?p=159068"},"modified":"2020-11-11T17:26:13","modified_gmt":"2020-11-11T15:26:13","slug":"cuba-y-venezuela-apoyan-retorno-de-refugiados-sirios-para-que-participen-en-la-reconstruccion-de-su-pais","status":"publish","type":"post","link":"https:\/\/archive.sana.sy\/es\/?p=159068","title":{"rendered":"Cuba y Venezuela apoyan retorno de refugiados sirios para que participen en la reconstrucci\u00f3n de su pa\u00eds"},"content":{"rendered":"<p style=\"text-align: justify\"><span style=\"color: #800000\">Damasco, SANA<\/span><\/p>\n<p style=\"text-align: justify\">Cuba reiter\u00f3 la necesidad de detener la guerra terrorista contra Siria para facilitar el regreso de los refugiados a su pa\u00eds de origen.<\/p>\n<p style=\"text-align: justify\">En declaraciones a la prensa al margen de la Conferencia Internacional sobre el Retorno de los Refugiados sirios, el embajador de Cuba en Damasco, Miguel Porto Parga, destac\u00f3 la importancia del papel de los refugiados en reconstruir el pa\u00eds.<\/p>\n<p style=\"text-align: justify\">Porto reiter\u00f3 la solidaridad con Siria, y enfatiz\u00f3 que la resistencia de ambos pueblos ante las medidas coercitivas unilaterales y los intentos injerencistas en sus asuntos internos, se considera como una victoria para las causas justas y humanitarias del mundo.<\/p>\n<p style=\"text-align: justify\"><a href=\"http:\/\/107.6.182.27\/es\/wp-content\/uploads\/2020\/11\/Embajador-Biomorgi.jpg\"><img loading=\"lazy\" decoding=\"async\" class=\"alignleft wp-image-159070 size-medium\" src=\"http:\/\/107.6.182.27\/es\/wp-content\/uploads\/2020\/11\/Embajador-Biomorgi-300x168.jpg\" alt=\"\" width=\"300\" height=\"168\" srcset=\"https:\/\/archive.sana.sy\/es\/wp-content\/uploads\/2020\/11\/Embajador-Biomorgi-300x168.jpg 300w, https:\/\/archive.sana.sy\/es\/wp-content\/uploads\/2020\/11\/Embajador-Biomorgi-1024x574.jpg 1024w, https:\/\/archive.sana.sy\/es\/wp-content\/uploads\/2020\/11\/Embajador-Biomorgi-150x84.jpg 150w, https:\/\/archive.sana.sy\/es\/wp-content\/uploads\/2020\/11\/Embajador-Biomorgi-768x431.jpg 768w, https:\/\/archive.sana.sy\/es\/wp-content\/uploads\/2020\/11\/Embajador-Biomorgi.jpg 1280w\" sizes=\"(max-width: 300px) 100vw, 300px\" \/><\/a><\/p>\n<p style=\"text-align: justify\">En declaraciones similares, el embajador de la Rep\u00fablica Bolivariana de Venezuela en Damasco, Jos\u00e9 Gregorio Biomorgi Muzzatiz, renov\u00f3 el apoyo de su pa\u00eds a la conferencia y al pueblo sirio que ama a su patria, y manifest\u00f3 la certeza de que Siria volver\u00e1 mejor que antes.<\/p>\n<p style=\"text-align: justify\">Biomorogi denunci\u00f3 tambi\u00e9n las pr\u00e1cticas de EEUU y los pa\u00edses europeos en funci\u00f3n de obstaculizar el retorno de los refugiados sirios a su pa\u00eds.<\/p>\n<p>&nbsp;<\/p>\n<p style=\"text-align: justify\"><strong><em><span style=\"color: #0000ff\">la\/fm<\/span><\/em><\/strong><\/p>\n","protected":false},"excerpt":{"rendered":"<p>Damasco, SANA Cuba reiter\u00f3 la necesidad de detener la guerra terrorista contra Siria para facilitar el regreso de los refugiados a su pa\u00eds de origen. En declaraciones a la prensa al margen de la Conferencia Internacional sobre el Retorno de los Refugiados sirios, el embajador de Cuba en Damasco, Miguel Porto Parga, destac\u00f3 la importancia &hellip;<\/p>\n","protected":false},"author":24,"featured_media":159069,"comment_status":"closed","ping_status":"closed","sticky":false,"template":"","format":"standard","meta":{"footnotes":""},"categories":[597,467,7541],"tags":[],"class_list":["post-159068","post","type-post","status-publish","format-standard","has-post-thumbnail","","category-cinta-de-noticias","category-siria-y-el-mundo","category-ultimas-noticias"],"_links":{"self":[{"href":"https:\/\/archive.sana.sy\/es\/index.php?rest_route=\/wp\/v2\/posts\/159068"}],"collection":[{"href":"https:\/\/archive.sana.sy\/es\/index.php?rest_route=\/wp\/v2\/posts"}],"about":[{"href":"https:\/\/archive.sana.sy\/es\/index.php?rest_route=\/wp\/v2\/types\/post"}],"author":[{"embeddable":true,"href":"https:\/\/archive.sana.sy\/es\/index.php?rest_route=\/wp\/v2\/users\/24"}],"replies":[{"embeddable":true,"href":"https:\/\/archive.sana.sy\/es\/index.php?rest_route=%2Fwp%2Fv2%2Fcomments&post=159068"}],"version-history":[{"count":0,"href":"https:\/\/archive.sana.sy\/es\/index.php?rest_route=\/wp\/v2\/posts\/159068\/revisions"}],"wp:featuredmedia":[{"embeddable":true,"href":"https:\/\/archive.sana.sy\/es\/index.php?rest_route=\/wp\/v2\/media\/159069"}],"wp:attachment":[{"href":"https:\/\/archive.sana.sy\/es\/index.php?rest_route=%2Fwp%2Fv2%2Fmedia&parent=159068"}],"wp:term":[{"taxonomy":"category","embeddable":true,"href":"https:\/\/archive.sana.sy\/es\/index.php?rest_route=%2Fwp%2Fv2%2Fcategories&post=159068"},{"taxonomy":"post_tag","embeddable":true,"href":"https:\/\/archive.sana.sy\/es\/index.php?rest_route=%2Fwp%2Fv2%2Ftags&post=159068"}],"curies":[{"name":"wp","href":"https:\/\/api.w.org\/{rel}","templated":true}]}}