{"id":159215,"date":"2020-11-12T16:22:02","date_gmt":"2020-11-12T14:22:02","guid":{"rendered":"http:\/\/107.6.182.27\/es\/?p=159215"},"modified":"2020-11-12T16:23:28","modified_gmt":"2020-11-12T14:23:28","slug":"comienzan-actividades-del-segundo-dia-de-la-conferencia-internacional-sobre-retorno-de-refugiados-sirios","status":"publish","type":"post","link":"https:\/\/archive.sana.sy\/es\/?p=159215","title":{"rendered":"Intensa jornada de encuentros en el segundo d\u00eda de la Conferencia Internacional sobre Retorno de Refugiados Sirios"},"content":{"rendered":"<p style=\"text-align: justify;\"><span style=\"color: #800000;\"><strong>Damasco, SANA<\/strong><\/span><\/p>\n<p style=\"text-align: justify;\">Las actividades del segundo y \u00faltimo d\u00eda de la Conferencia Internacional sobre el Retorno de los Refugiados Sirios que sesiona en el Palacio de Conferencias en Damasco, incluy\u00f3 reuniones bilaterales entre representantes de los diferentes pa\u00edses y organizaciones internacionales para abordar temas relacionados con el retorno de los refugiados.<\/p>\n<p style=\"text-align: justify;\">El Grupo de Trabajo sobre Ciencia y Educaci\u00f3n del Comit\u00e9 Permanente Sirio-Ruso de Cooperaci\u00f3n Cient\u00edfica, Econ\u00f3mica y Comercial examin\u00f3 las decisiones de sus reuniones peri\u00f3dicas anteriores y los resultados de su aplicaci\u00f3n.<img loading=\"lazy\" decoding=\"async\" class=\"alignright size-full wp-image-159254\" src=\"http:\/\/107.6.182.27\/es\/wp-content\/uploads\/2020\/11\/ggg.jpg\" alt=\"\" width=\"300\" height=\"166\" srcset=\"https:\/\/archive.sana.sy\/es\/wp-content\/uploads\/2020\/11\/ggg.jpg 300w, https:\/\/archive.sana.sy\/es\/wp-content\/uploads\/2020\/11\/ggg-150x83.jpg 150w\" sizes=\"(max-width: 300px) 100vw, 300px\" \/><\/p>\n<p style=\"text-align: justify;\">A la reuni\u00f3n, asistieron representantes de los ministerios de Educaci\u00f3n y de Ense\u00f1anza Superior e Investigaci\u00f3n Cient\u00edfica.<\/p>\n<p style=\"text-align: justify;\">Durante una reuni\u00f3n de trabajo entre representantes del Ministerio de Telecomunicaciones y Tecnolog\u00eda de Siria y representantes del Ministerio de Desarrollo Digital en Rusia, las dos partes discutieron el estado de la infraestructura de &#8220;telecomunicaciones&#8221; en Siria y las v\u00edas de cooperaci\u00f3n sirio-rusa en el campo de la tecnolog\u00eda de la informaci\u00f3n y las comunicaciones.<\/p>\n<p style=\"text-align: justify;\">En una declaraciones a SANA, el viceministro de Telecomunicaciones y Tecnolog\u00eda, Ghassan Saba, explic\u00f3 que el objetivo del encuentro es estudiar la rehabilitaci\u00f3n y reconstrucci\u00f3n de la red de comunicaciones en Siria, que fue destruida por el terrorismo.<\/p>\n<p style=\"text-align: justify;\">\u201cHemos explicado las necesidades de la Compa\u00f1\u00eda Siria de Telecomunicaciones de equipos y cables de todo tipo\u201d, aclar\u00f3.<\/p>\n<p style=\"text-align: justify;\">A su vez, el viceministro de Finanzas, Riyad Abdel Raouf, y el Director General de la Autoridad de Impuestos y Tasas, Munther Wannous, convers\u00f3 con el Vicepresidente del Tesoro Federal de Rusia y Subjefe de Gesti\u00f3n de Proyectos en el Ministerio del Tesoro de Rusia, las formas de mejorar la cooperaci\u00f3n en los campos financiero y fiscal, y los medios de pago financiero entre las dos partes.<img loading=\"lazy\" decoding=\"async\" class=\"alignright size-full wp-image-159255\" src=\"http:\/\/107.6.182.27\/es\/wp-content\/uploads\/2020\/11\/RR.jpg\" alt=\"\" width=\"300\" height=\"177\" srcset=\"https:\/\/archive.sana.sy\/es\/wp-content\/uploads\/2020\/11\/RR.jpg 300w, https:\/\/archive.sana.sy\/es\/wp-content\/uploads\/2020\/11\/RR-150x89.jpg 150w\" sizes=\"(max-width: 300px) 100vw, 300px\" \/><\/p>\n<p style=\"text-align: justify;\">Se sostuvo tambi\u00e9n un encuentro de trabajo entre representantes del Ministerio de Salud y representantes de la Autoridad Supervisora de Rusia y del \u00d3rgano de Cooperaci\u00f3n de Rusia para discutir el tema de la cooperaci\u00f3n mutua y la firma de un memorando de entendimiento en el campo de la lucha contra las enfermedades infecciosas.<\/p>\n<p style=\"text-align: justify;\">De igual manera, se celebraron conversaciones entre representantes del Ministerio de Salud y otros del Ministerio de Comercio e Industria de la Federaci\u00f3n de Rusia sobre un memorando de entendimiento relacionado con la cooperaci\u00f3n en el campo de medicamentos y equipos m\u00e9dicos.<\/p>\n<p style=\"text-align: justify;\">Asimismo, se efectu\u00f3 una reuni\u00f3n entre representantes del Ministerio de Comercio e Industria de Rusia y de la empresa &#8220;Sofocream&#8221; con el Ministerio de Agricultura y Reforma Agraria, durante la cual se trataron los medios para fortalecer y desarrollar la cooperaci\u00f3n entre las dos partes.<\/p>\n<p style=\"text-align: justify;\">Tambi\u00e9n, se celebr\u00f3 una reuni\u00f3n entre el Ministerio de Petr\u00f3leo y Recursos Minerales y representantes del Ministerio de Industria y Comercio de Rusia y la empresa rusa &#8220;Via Invest&#8221;.<\/p>\n<div id='gallery-1' class='gallery galleryid-159215 gallery-columns-1 gallery-size-full'><figure class='gallery-item'>\n\t\t\t<div class='gallery-icon landscape'>\n\t\t\t\t<a href='https:\/\/archive.sana.sy\/es\/wp-content\/uploads\/2020\/11\/1111111111111111111.jpg'><img loading=\"lazy\" decoding=\"async\" width=\"660\" height=\"418\" src=\"https:\/\/archive.sana.sy\/es\/wp-content\/uploads\/2020\/11\/1111111111111111111.jpg\" class=\"attachment-full size-full\" alt=\"\" srcset=\"https:\/\/archive.sana.sy\/es\/wp-content\/uploads\/2020\/11\/1111111111111111111.jpg 660w, https:\/\/archive.sana.sy\/es\/wp-content\/uploads\/2020\/11\/1111111111111111111-300x190.jpg 300w, https:\/\/archive.sana.sy\/es\/wp-content\/uploads\/2020\/11\/1111111111111111111-150x95.jpg 150w\" sizes=\"(max-width: 660px) 100vw, 660px\" \/><\/a>\n\t\t\t<\/div><\/figure><figure class='gallery-item'>\n\t\t\t<div class='gallery-icon landscape'>\n\t\t\t\t<a href='https:\/\/archive.sana.sy\/es\/wp-content\/uploads\/2020\/11\/2222222222222222222.jpg'><img loading=\"lazy\" decoding=\"async\" width=\"660\" height=\"407\" src=\"https:\/\/archive.sana.sy\/es\/wp-content\/uploads\/2020\/11\/2222222222222222222.jpg\" class=\"attachment-full size-full\" alt=\"\" srcset=\"https:\/\/archive.sana.sy\/es\/wp-content\/uploads\/2020\/11\/2222222222222222222.jpg 660w, https:\/\/archive.sana.sy\/es\/wp-content\/uploads\/2020\/11\/2222222222222222222-300x185.jpg 300w, https:\/\/archive.sana.sy\/es\/wp-content\/uploads\/2020\/11\/2222222222222222222-150x93.jpg 150w\" sizes=\"(max-width: 660px) 100vw, 660px\" \/><\/a>\n\t\t\t<\/div><\/figure><figure class='gallery-item'>\n\t\t\t<div class='gallery-icon landscape'>\n\t\t\t\t<a href='https:\/\/archive.sana.sy\/es\/wp-content\/uploads\/2020\/11\/33333333333333.jpg'><img loading=\"lazy\" decoding=\"async\" width=\"660\" height=\"423\" src=\"https:\/\/archive.sana.sy\/es\/wp-content\/uploads\/2020\/11\/33333333333333.jpg\" class=\"attachment-full size-full\" alt=\"\" srcset=\"https:\/\/archive.sana.sy\/es\/wp-content\/uploads\/2020\/11\/33333333333333.jpg 660w, https:\/\/archive.sana.sy\/es\/wp-content\/uploads\/2020\/11\/33333333333333-300x192.jpg 300w, https:\/\/archive.sana.sy\/es\/wp-content\/uploads\/2020\/11\/33333333333333-150x96.jpg 150w\" sizes=\"(max-width: 660px) 100vw, 660px\" \/><\/a>\n\t\t\t<\/div><\/figure><figure class='gallery-item'>\n\t\t\t<div class='gallery-icon landscape'>\n\t\t\t\t<a href='https:\/\/archive.sana.sy\/es\/wp-content\/uploads\/2020\/11\/444444444444444.jpg'><img loading=\"lazy\" decoding=\"async\" width=\"660\" height=\"399\" src=\"https:\/\/archive.sana.sy\/es\/wp-content\/uploads\/2020\/11\/444444444444444.jpg\" class=\"attachment-full size-full\" alt=\"\" srcset=\"https:\/\/archive.sana.sy\/es\/wp-content\/uploads\/2020\/11\/444444444444444.jpg 660w, https:\/\/archive.sana.sy\/es\/wp-content\/uploads\/2020\/11\/444444444444444-300x181.jpg 300w, https:\/\/archive.sana.sy\/es\/wp-content\/uploads\/2020\/11\/444444444444444-150x91.jpg 150w\" sizes=\"(max-width: 660px) 100vw, 660px\" \/><\/a>\n\t\t\t<\/div><\/figure><figure class='gallery-item'>\n\t\t\t<div class='gallery-icon landscape'>\n\t\t\t\t<a href='https:\/\/archive.sana.sy\/es\/wp-content\/uploads\/2020\/11\/55555555555555.jpg'><img loading=\"lazy\" decoding=\"async\" width=\"660\" height=\"393\" src=\"https:\/\/archive.sana.sy\/es\/wp-content\/uploads\/2020\/11\/55555555555555.jpg\" class=\"attachment-full size-full\" alt=\"\" srcset=\"https:\/\/archive.sana.sy\/es\/wp-content\/uploads\/2020\/11\/55555555555555.jpg 660w, https:\/\/archive.sana.sy\/es\/wp-content\/uploads\/2020\/11\/55555555555555-300x179.jpg 300w, https:\/\/archive.sana.sy\/es\/wp-content\/uploads\/2020\/11\/55555555555555-150x89.jpg 150w\" sizes=\"(max-width: 660px) 100vw, 660px\" \/><\/a>\n\t\t\t<\/div><\/figure><figure class='gallery-item'>\n\t\t\t<div class='gallery-icon landscape'>\n\t\t\t\t<a href='https:\/\/archive.sana.sy\/es\/wp-content\/uploads\/2020\/11\/66666666666666.jpg'><img loading=\"lazy\" decoding=\"async\" width=\"660\" height=\"409\" src=\"https:\/\/archive.sana.sy\/es\/wp-content\/uploads\/2020\/11\/66666666666666.jpg\" class=\"attachment-full size-full\" alt=\"\" srcset=\"https:\/\/archive.sana.sy\/es\/wp-content\/uploads\/2020\/11\/66666666666666.jpg 660w, https:\/\/archive.sana.sy\/es\/wp-content\/uploads\/2020\/11\/66666666666666-300x186.jpg 300w, https:\/\/archive.sana.sy\/es\/wp-content\/uploads\/2020\/11\/66666666666666-150x93.jpg 150w\" sizes=\"(max-width: 660px) 100vw, 660px\" \/><\/a>\n\t\t\t<\/div><\/figure>\n\t\t<\/div>\n\n<p>&nbsp;<\/p>\n<p style=\"text-align: justify;\"><strong><span style=\"color: #0000ff;\">fm\/ed<\/span><\/strong><\/p>\n","protected":false},"excerpt":{"rendered":"<p>Damasco, SANA Las actividades del segundo y \u00faltimo d\u00eda de la Conferencia Internacional sobre el Retorno de los Refugiados Sirios que sesiona en el Palacio de Conferencias en Damasco, incluy\u00f3 reuniones bilaterales entre representantes de los diferentes pa\u00edses y organizaciones internacionales para abordar temas relacionados con el retorno de los refugiados. El Grupo de Trabajo &hellip;<\/p>\n","protected":false},"author":32,"featured_media":159251,"comment_status":"closed","ping_status":"closed","sticky":false,"template":"","format":"standard","meta":{"footnotes":""},"categories":[597,476,7541],"tags":[],"class_list":["post-159215","post","type-post","status-publish","format-standard","has-post-thumbnail","","category-cinta-de-noticias","category-locales","category-ultimas-noticias"],"_links":{"self":[{"href":"https:\/\/archive.sana.sy\/es\/index.php?rest_route=\/wp\/v2\/posts\/159215"}],"collection":[{"href":"https:\/\/archive.sana.sy\/es\/index.php?rest_route=\/wp\/v2\/posts"}],"about":[{"href":"https:\/\/archive.sana.sy\/es\/index.php?rest_route=\/wp\/v2\/types\/post"}],"author":[{"embeddable":true,"href":"https:\/\/archive.sana.sy\/es\/index.php?rest_route=\/wp\/v2\/users\/32"}],"replies":[{"embeddable":true,"href":"https:\/\/archive.sana.sy\/es\/index.php?rest_route=%2Fwp%2Fv2%2Fcomments&post=159215"}],"version-history":[{"count":0,"href":"https:\/\/archive.sana.sy\/es\/index.php?rest_route=\/wp\/v2\/posts\/159215\/revisions"}],"wp:featuredmedia":[{"embeddable":true,"href":"https:\/\/archive.sana.sy\/es\/index.php?rest_route=\/wp\/v2\/media\/159251"}],"wp:attachment":[{"href":"https:\/\/archive.sana.sy\/es\/index.php?rest_route=%2Fwp%2Fv2%2Fmedia&parent=159215"}],"wp:term":[{"taxonomy":"category","embeddable":true,"href":"https:\/\/archive.sana.sy\/es\/index.php?rest_route=%2Fwp%2Fv2%2Fcategories&post=159215"},{"taxonomy":"post_tag","embeddable":true,"href":"https:\/\/archive.sana.sy\/es\/index.php?rest_route=%2Fwp%2Fv2%2Ftags&post=159215"}],"curies":[{"name":"wp","href":"https:\/\/api.w.org\/{rel}","templated":true}]}}