{"id":159246,"date":"2020-11-12T15:56:46","date_gmt":"2020-11-12T13:56:46","guid":{"rendered":"http:\/\/107.6.182.27\/es\/?p=159246"},"modified":"2020-11-12T15:56:46","modified_gmt":"2020-11-12T13:56:46","slug":"vicecanciller-sirio-sostiene-conversaciones-con-la-comisionada-del-presidente-ruso-para-derechos-del-nino","status":"publish","type":"post","link":"https:\/\/archive.sana.sy\/es\/?p=159246","title":{"rendered":"Vicecanciller sirio sostiene conversaciones con la Comisionada del presidente ruso para Derechos del Ni\u00f1o"},"content":{"rendered":"<p style=\"text-align: justify;\"><span style=\"color: #800000;\"><strong>Damasco, SANA<\/strong><\/span><\/p>\n<p style=\"text-align: justify;\">El viceministro de Exteriores y Expatriados, Faisal Mekdad, se reuni\u00f3 hoy en la sede de la canciller\u00eda siria, con la Comisionada del presidente ruso para Derechos del Ni\u00f1o, Anna Kuznetsova, y la delegaci\u00f3n que le acompa\u00f1a.<\/p>\n<p style=\"text-align: justify;\">Las dos partes destacaron la amistad y asociaci\u00f3n entre los dos pa\u00edses en varios campos, especialmente en el campo de la labor humanitaria y la lucha contra el terrorismo en Siria.<\/p>\n<p style=\"text-align: justify;\">Durante el encuentro, Mekdad expres\u00f3 su satisfacci\u00f3n por la evacuaci\u00f3n de los ni\u00f1os rusos del campamento Al-Hol mediante la coordinaci\u00f3n conjunta entre los gobiernos sirio y ruso.<\/p>\n<p style=\"text-align: justify;\">Denunci\u00f3 que algunos pa\u00edses occidentales repatr\u00edan a sus ciudadanos del campamento mediante milicias separatistas armadas, en una violaci\u00f3n de sus obligaciones en virtud del Derecho Humanitario. Internacional.<\/p>\n<p style=\"text-align: justify;\">El vicecanciller se refiri\u00f3 a la continuaci\u00f3n de los esfuerzos constructivos ruso-sirios para evacuar a todos los ni\u00f1os rusos del campamento y devolverlos a su tierra natal, y se\u00f1al\u00f3 que el Estado sirio est\u00e1 listo para proporcionar las facilidades necesarias para eso.<\/p>\n<p style=\"text-align: justify;\">\u201cLos pa\u00edses que deseen repatriar a sus ni\u00f1os y ciudadanos del campamento Al-Hol deben hacerlo en total coordinaci\u00f3n y cooperaci\u00f3n con el estado sirio\u201d, afirm\u00f3.<\/p>\n<p style=\"text-align: justify;\">Consider\u00f3 que la posici\u00f3n de Estados Unidos y los pa\u00edses occidentales respecto a la conferencia revela sus verdaderos objetivos de no querer el bien para Siria y los refugiados sirios.<\/p>\n<p style=\"text-align: justify;\">\u201cEste boicot revel\u00f3 la falsedad e hipocres\u00eda de las afirmaciones de esos pa\u00edses\u201d, remarc\u00f3.<\/p>\n<p style=\"text-align: justify;\">A su vez, la Comisionada del presidente ruso para Asuntos de la Infancia destac\u00f3 el nivel de cooperaci\u00f3n fruct\u00edfera que mostr\u00f3 el gobierno sirio para facilitar el regreso seguro y sano de los ni\u00f1os rusos.<\/p>\n<p style=\"text-align: justify;\">Elogi\u00f3 los esfuerzos humanitarios del Gobierno sirio para aliviar el sufrimiento de los ni\u00f1os como resultado del terrorismo.<\/p>\n<p style=\"text-align: justify;\"><strong><span style=\"color: #0000ff;\">fm\/ed<\/span><\/strong><\/p>\n","protected":false},"excerpt":{"rendered":"<p>Damasco, SANA El viceministro de Exteriores y Expatriados, Faisal Mekdad, se reuni\u00f3 hoy en la sede de la canciller\u00eda siria, con la Comisionada del presidente ruso para Derechos del Ni\u00f1o, Anna Kuznetsova, y la delegaci\u00f3n que le acompa\u00f1a. Las dos partes destacaron la amistad y asociaci\u00f3n entre los dos pa\u00edses en varios campos, especialmente en &hellip;<\/p>\n","protected":false},"author":32,"featured_media":159249,"comment_status":"closed","ping_status":"closed","sticky":false,"template":"","format":"standard","meta":{"footnotes":""},"categories":[597,476,7541],"tags":[],"class_list":["post-159246","post","type-post","status-publish","format-standard","has-post-thumbnail","","category-cinta-de-noticias","category-locales","category-ultimas-noticias"],"_links":{"self":[{"href":"https:\/\/archive.sana.sy\/es\/index.php?rest_route=\/wp\/v2\/posts\/159246"}],"collection":[{"href":"https:\/\/archive.sana.sy\/es\/index.php?rest_route=\/wp\/v2\/posts"}],"about":[{"href":"https:\/\/archive.sana.sy\/es\/index.php?rest_route=\/wp\/v2\/types\/post"}],"author":[{"embeddable":true,"href":"https:\/\/archive.sana.sy\/es\/index.php?rest_route=\/wp\/v2\/users\/32"}],"replies":[{"embeddable":true,"href":"https:\/\/archive.sana.sy\/es\/index.php?rest_route=%2Fwp%2Fv2%2Fcomments&post=159246"}],"version-history":[{"count":0,"href":"https:\/\/archive.sana.sy\/es\/index.php?rest_route=\/wp\/v2\/posts\/159246\/revisions"}],"wp:featuredmedia":[{"embeddable":true,"href":"https:\/\/archive.sana.sy\/es\/index.php?rest_route=\/wp\/v2\/media\/159249"}],"wp:attachment":[{"href":"https:\/\/archive.sana.sy\/es\/index.php?rest_route=%2Fwp%2Fv2%2Fmedia&parent=159246"}],"wp:term":[{"taxonomy":"category","embeddable":true,"href":"https:\/\/archive.sana.sy\/es\/index.php?rest_route=%2Fwp%2Fv2%2Fcategories&post=159246"},{"taxonomy":"post_tag","embeddable":true,"href":"https:\/\/archive.sana.sy\/es\/index.php?rest_route=%2Fwp%2Fv2%2Ftags&post=159246"}],"curies":[{"name":"wp","href":"https:\/\/api.w.org\/{rel}","templated":true}]}}