{"id":159285,"date":"2020-11-12T17:23:12","date_gmt":"2020-11-12T15:23:12","guid":{"rendered":"http:\/\/107.6.182.27\/es\/?p=159285"},"modified":"2020-11-12T17:23:12","modified_gmt":"2020-11-12T15:23:12","slug":"los-paises-occidentales-boicotearon-la-conferencia-para-que-no-revele-sus-practicas-de-apoyo-a-los-terroristas-y-desplazamiento-de-los-sirios-afirmo-el-vicecanciller-faisal-mekdad-en-la-clausura-de-l","status":"publish","type":"post","link":"https:\/\/archive.sana.sy\/es\/?p=159285","title":{"rendered":"Los pa\u00edses occidentales boicotearon la conferencia para que no revele sus pr\u00e1cticas de apoyo a los terroristas y desplazamiento de los sirios, afirm\u00f3 el vicecanciller Faisal Mekdad en la clausura de la Conferencia Internacional sobre Retorno de Refugiados Sirios."},"content":{"rendered":"","protected":false},"excerpt":{"rendered":"","protected":false},"author":34,"featured_media":0,"comment_status":"closed","ping_status":"closed","sticky":false,"template":"","format":"standard","meta":{"footnotes":""},"categories":[596],"tags":[],"class_list":["post-159285","post","type-post","status-publish","format-standard","","category-urgente"],"_links":{"self":[{"href":"https:\/\/archive.sana.sy\/es\/index.php?rest_route=\/wp\/v2\/posts\/159285"}],"collection":[{"href":"https:\/\/archive.sana.sy\/es\/index.php?rest_route=\/wp\/v2\/posts"}],"about":[{"href":"https:\/\/archive.sana.sy\/es\/index.php?rest_route=\/wp\/v2\/types\/post"}],"author":[{"embeddable":true,"href":"https:\/\/archive.sana.sy\/es\/index.php?rest_route=\/wp\/v2\/users\/34"}],"replies":[{"embeddable":true,"href":"https:\/\/archive.sana.sy\/es\/index.php?rest_route=%2Fwp%2Fv2%2Fcomments&post=159285"}],"version-history":[{"count":0,"href":"https:\/\/archive.sana.sy\/es\/index.php?rest_route=\/wp\/v2\/posts\/159285\/revisions"}],"wp:attachment":[{"href":"https:\/\/archive.sana.sy\/es\/index.php?rest_route=%2Fwp%2Fv2%2Fmedia&parent=159285"}],"wp:term":[{"taxonomy":"category","embeddable":true,"href":"https:\/\/archive.sana.sy\/es\/index.php?rest_route=%2Fwp%2Fv2%2Fcategories&post=159285"},{"taxonomy":"post_tag","embeddable":true,"href":"https:\/\/archive.sana.sy\/es\/index.php?rest_route=%2Fwp%2Fv2%2Ftags&post=159285"}],"curies":[{"name":"wp","href":"https:\/\/api.w.org\/{rel}","templated":true}]}}