{"id":159290,"date":"2020-11-12T17:59:07","date_gmt":"2020-11-12T15:59:07","guid":{"rendered":"http:\/\/107.6.182.27\/es\/?p=159290"},"modified":"2023-01-10T14:31:11","modified_gmt":"2023-01-10T12:31:11","slug":"siria-y-abjasia-repasan-vias-de-potenciacion-de-las-relaciones-bilaterales","status":"publish","type":"post","link":"https:\/\/archive.sana.sy\/es\/?p=159290","title":{"rendered":"Siria y Abjasia repasan v\u00edas de potenciaci\u00f3n de las relaciones bilaterales"},"content":{"rendered":"<p style=\"text-align: justify;\"><span style=\"color: #800000;\"><strong>Damasco, SANA<\/strong><\/span><\/p>\n<p style=\"text-align: justify;\">El presidente del Consejo de Ministros, Hussein Arnous, recibi\u00f3 al ministro de Exteriores de la Rep\u00fablica de Abjasia, Davor Coffee Vadimovitch, y a la delegaci\u00f3n que le acompa\u00f1a.<\/p>\n<p style=\"text-align: justify;\">Las conversaciones en la reuni\u00f3n abordaron las v\u00edas para potenciar las relaciones bilaterales en todos los \u00e1mbitos para encarar los retos y dificultades actuales.<\/p>\n<p style=\"text-align: justify;\"><img loading=\"lazy\" decoding=\"async\" class=\"size-medium wp-image-159293 alignleft\" src=\"http:\/\/107.6.182.27\/es\/wp-content\/uploads\/2020\/11\/102-2-300x189.jpg\" alt=\"\" width=\"300\" height=\"189\" srcset=\"https:\/\/archive.sana.sy\/es\/wp-content\/uploads\/2020\/11\/102-2-300x189.jpg 300w, https:\/\/archive.sana.sy\/es\/wp-content\/uploads\/2020\/11\/102-2-150x94.jpg 150w, https:\/\/archive.sana.sy\/es\/wp-content\/uploads\/2020\/11\/102-2.jpg 660w\" sizes=\"(max-width: 300px) 100vw, 300px\" \/>Asimismo, fueron examinadas las medidas conjuntas para facilitar el retorno de los refugiados a su patria y posibilitarles la recuperaci\u00f3n de su vida normal.<\/p>\n<p style=\"text-align: justify;\">Las dos partes destacaron la necesidad de levantar las sanciones econ\u00f3micas ignominiosas que imposibilitan una adecuada recuperaci\u00f3n.<\/p>\n<p style=\"text-align: justify;\">Tambi\u00e9n, examinaron la realizaci\u00f3n de proyectos y sinergias industriales que aseguren la demanda en los mercados de ambos pa\u00edses y abran horizontes de cooperaci\u00f3n mixta.<\/p>\n<p style=\"text-align: justify;\">Afirmaron la necesidad de acelerar la formaci\u00f3n de un comit\u00e9 ministerial conjunto y un consejo de hombres de negocios para impulsar la cooperaci\u00f3n en los campos econ\u00f3mico-comerciales y de transporte mar\u00edtimo y a\u00e9reo.<\/p>\n<p style=\"text-align: justify;\">El Ing. Arnous reiter\u00f3 el deseo y disposici\u00f3n de Siria de desarrollar las relaciones entre los dos pa\u00edses por todas las v\u00edas posibles por el bien de los dos pa\u00edses unidos por lazos hist\u00f3ricos, y se\u00f1al\u00f3 el inter\u00e9s del gobierno sirio de incrementar la colaboraci\u00f3n entre los dos pa\u00edses amigos.<\/p>\n<p style=\"text-align: justify;\">Por su parte el ministro de Asuntos Exteriores de Abjasia valor\u00f3 la postura de Siria en apoyo a su pa\u00eds y confirm\u00f3 el deseo de la Rep\u00fablica de Abjasia en desarrollar las relaciones en todos los \u00e1mbitos.<\/p>\n<p style=\"text-align: justify;\"><em><span style=\"color: #0000ff;\"><strong>rsh\/fm<\/strong><\/span><\/em><\/p>\n","protected":false},"excerpt":{"rendered":"<p>Damasco, SANA El presidente del Consejo de Ministros, Hussein Arnous, recibi\u00f3 al ministro de Exteriores de la Rep\u00fablica de Abjasia, Davor Coffee Vadimovitch, y a la delegaci\u00f3n que le acompa\u00f1a. Las conversaciones en la reuni\u00f3n abordaron las v\u00edas para potenciar las relaciones bilaterales en todos los \u00e1mbitos para encarar los retos y dificultades actuales. Asimismo, &hellip;<\/p>\n","protected":false},"author":34,"featured_media":159291,"comment_status":"closed","ping_status":"closed","sticky":false,"template":"","format":"standard","meta":{"footnotes":""},"categories":[447,477,597,476,457,467,7541],"tags":[],"class_list":["post-159290","post","type-post","status-publish","format-standard","has-post-thumbnail","","category-local-politica","category-noticias-edulcorantes","category-cinta-de-noticias","category-locales","category-noticias-arabe-internacional-politica","category-siria-y-el-mundo","category-ultimas-noticias"],"_links":{"self":[{"href":"https:\/\/archive.sana.sy\/es\/index.php?rest_route=\/wp\/v2\/posts\/159290"}],"collection":[{"href":"https:\/\/archive.sana.sy\/es\/index.php?rest_route=\/wp\/v2\/posts"}],"about":[{"href":"https:\/\/archive.sana.sy\/es\/index.php?rest_route=\/wp\/v2\/types\/post"}],"author":[{"embeddable":true,"href":"https:\/\/archive.sana.sy\/es\/index.php?rest_route=\/wp\/v2\/users\/34"}],"replies":[{"embeddable":true,"href":"https:\/\/archive.sana.sy\/es\/index.php?rest_route=%2Fwp%2Fv2%2Fcomments&post=159290"}],"version-history":[{"count":0,"href":"https:\/\/archive.sana.sy\/es\/index.php?rest_route=\/wp\/v2\/posts\/159290\/revisions"}],"wp:featuredmedia":[{"embeddable":true,"href":"https:\/\/archive.sana.sy\/es\/index.php?rest_route=\/wp\/v2\/media\/159291"}],"wp:attachment":[{"href":"https:\/\/archive.sana.sy\/es\/index.php?rest_route=%2Fwp%2Fv2%2Fmedia&parent=159290"}],"wp:term":[{"taxonomy":"category","embeddable":true,"href":"https:\/\/archive.sana.sy\/es\/index.php?rest_route=%2Fwp%2Fv2%2Fcategories&post=159290"},{"taxonomy":"post_tag","embeddable":true,"href":"https:\/\/archive.sana.sy\/es\/index.php?rest_route=%2Fwp%2Fv2%2Ftags&post=159290"}],"curies":[{"name":"wp","href":"https:\/\/api.w.org\/{rel}","templated":true}]}}