{"id":159302,"date":"2020-11-12T18:44:41","date_gmt":"2020-11-12T16:44:41","guid":{"rendered":"http:\/\/107.6.182.27\/es\/?p=159302"},"modified":"2020-11-12T18:44:41","modified_gmt":"2020-11-12T16:44:41","slug":"asma-al-assad-recibe-a-la-comisionada-del-presidente-de-rusia-para-derechos-del-nino","status":"publish","type":"post","link":"https:\/\/archive.sana.sy\/es\/?p=159302","title":{"rendered":"Asma Al-Assad recibe a la Comisionada del Presidente de Rusia para Derechos del Ni\u00f1o"},"content":{"rendered":"<p style=\"text-align: justify;\"><span style=\"color: #800000;\"><strong>Damasco, SANA<\/strong><\/span><\/p>\n<p style=\"text-align: justify;\">La Sra. Asma Al-Assad recibi\u00f3 hoy a Anna Kuznetsova, Comisionada del Presidente de la Federaci\u00f3n de Rusia para los Derechos del Ni\u00f1o, y la delegaci\u00f3n que le acompa\u00f1a.<\/p>\n<p style=\"text-align: justify;\">Las conversaciones durante la reuni\u00f3n abordaron los esfuerzos conjuntos sirios y rusos para sacar a los ni\u00f1os rusos de los campamentos Al-Hol y Al-Roj, y las facilidades y el apoyo f\u00edsico, psicol\u00f3gico, educativo y social que ofrece el Estado sirio para esos ni\u00f1os.<\/p>\n<p style=\"text-align: justify;\">La Sra. Al-Assad confirm\u00f3 la disposici\u00f3n de Siria a cooperar siempre en este asunto hasta que el \u00faltimo ni\u00f1o ruso sea retirado de esos campamentos.<\/p>\n<p style=\"text-align: justify;\">Destac\u00f3 al mismo tiempo que el Estado sirio est\u00e1 buscando, en m\u00e1s de un nivel, y en cooperaci\u00f3n con la parte rusa, de forma paralela y activa, sacar tambi\u00e9n a los ni\u00f1os sirios de esos campamentos, y trabajar arduamente para reintegrar a los ni\u00f1os refugiados que han regresado con sus familias de los pa\u00edses de asilo.<\/p>\n<p style=\"text-align: justify;\">A su vez, Kuznetsova valor\u00f3 los esfuerzos de Siria para devolver a los ni\u00f1os rusos y destac\u00f3 que Rusia trabajar\u00e1 arduamente con el Estado sirio para intercambiar experiencias sobre la integraci\u00f3n y rehabilitaci\u00f3n de los ni\u00f1os refugiados sirios que regresan a sus hogares.<\/p>\n<p style=\"text-align: justify;\">En este sentido, las dos partes coincidieron en la necesidad de una acci\u00f3n conjunta para lanzar un di\u00e1logo constructivo y efectivo sobre el tema de los ni\u00f1os y su integraci\u00f3n en la comunidad original, ya sean provenientes de pa\u00edses de asilo o ni\u00f1os que han vivido durante muchos a\u00f1os bajo el yugo del terrorismo.<\/p>\n<p style=\"text-align: justify;\"><span style=\"color: #0000ff;\"><strong>fm\/ah<\/strong><\/span><\/p>\n<div id='gallery-1' class='gallery galleryid-159302 gallery-columns-1 gallery-size-full'><figure class='gallery-item'>\n\t\t\t<div class='gallery-icon landscape'>\n\t\t\t\t<a href='https:\/\/archive.sana.sy\/es\/wp-content\/uploads\/2020\/11\/2-172.jpg'><img loading=\"lazy\" decoding=\"async\" width=\"660\" height=\"440\" src=\"https:\/\/archive.sana.sy\/es\/wp-content\/uploads\/2020\/11\/2-172.jpg\" class=\"attachment-full size-full\" alt=\"\" srcset=\"https:\/\/archive.sana.sy\/es\/wp-content\/uploads\/2020\/11\/2-172.jpg 660w, https:\/\/archive.sana.sy\/es\/wp-content\/uploads\/2020\/11\/2-172-300x200.jpg 300w, https:\/\/archive.sana.sy\/es\/wp-content\/uploads\/2020\/11\/2-172-150x100.jpg 150w\" sizes=\"(max-width: 660px) 100vw, 660px\" \/><\/a>\n\t\t\t<\/div><\/figure><figure class='gallery-item'>\n\t\t\t<div class='gallery-icon landscape'>\n\t\t\t\t<a href='https:\/\/archive.sana.sy\/es\/wp-content\/uploads\/2020\/11\/4-127.jpg'><img loading=\"lazy\" decoding=\"async\" width=\"660\" height=\"358\" src=\"https:\/\/archive.sana.sy\/es\/wp-content\/uploads\/2020\/11\/4-127.jpg\" class=\"attachment-full size-full\" alt=\"\" srcset=\"https:\/\/archive.sana.sy\/es\/wp-content\/uploads\/2020\/11\/4-127.jpg 660w, https:\/\/archive.sana.sy\/es\/wp-content\/uploads\/2020\/11\/4-127-300x163.jpg 300w, https:\/\/archive.sana.sy\/es\/wp-content\/uploads\/2020\/11\/4-127-150x81.jpg 150w\" sizes=\"(max-width: 660px) 100vw, 660px\" \/><\/a>\n\t\t\t<\/div><\/figure><figure class='gallery-item'>\n\t\t\t<div class='gallery-icon landscape'>\n\t\t\t\t<a href='https:\/\/archive.sana.sy\/es\/wp-content\/uploads\/2020\/11\/5-128.jpg'><img loading=\"lazy\" decoding=\"async\" width=\"660\" height=\"465\" src=\"https:\/\/archive.sana.sy\/es\/wp-content\/uploads\/2020\/11\/5-128.jpg\" class=\"attachment-full size-full\" alt=\"\" srcset=\"https:\/\/archive.sana.sy\/es\/wp-content\/uploads\/2020\/11\/5-128.jpg 660w, https:\/\/archive.sana.sy\/es\/wp-content\/uploads\/2020\/11\/5-128-300x211.jpg 300w, https:\/\/archive.sana.sy\/es\/wp-content\/uploads\/2020\/11\/5-128-150x106.jpg 150w\" sizes=\"(max-width: 660px) 100vw, 660px\" \/><\/a>\n\t\t\t<\/div><\/figure><figure class='gallery-item'>\n\t\t\t<div class='gallery-icon landscape'>\n\t\t\t\t<a href='https:\/\/archive.sana.sy\/es\/wp-content\/uploads\/2020\/11\/6-115.jpg'><img loading=\"lazy\" decoding=\"async\" width=\"660\" height=\"550\" src=\"https:\/\/archive.sana.sy\/es\/wp-content\/uploads\/2020\/11\/6-115.jpg\" class=\"attachment-full size-full\" alt=\"\" srcset=\"https:\/\/archive.sana.sy\/es\/wp-content\/uploads\/2020\/11\/6-115.jpg 660w, https:\/\/archive.sana.sy\/es\/wp-content\/uploads\/2020\/11\/6-115-300x250.jpg 300w, https:\/\/archive.sana.sy\/es\/wp-content\/uploads\/2020\/11\/6-115-150x125.jpg 150w\" sizes=\"(max-width: 660px) 100vw, 660px\" \/><\/a>\n\t\t\t<\/div><\/figure><figure class='gallery-item'>\n\t\t\t<div class='gallery-icon landscape'>\n\t\t\t\t<a href='https:\/\/archive.sana.sy\/es\/wp-content\/uploads\/2020\/11\/7-105.jpg'><img loading=\"lazy\" decoding=\"async\" width=\"660\" height=\"556\" src=\"https:\/\/archive.sana.sy\/es\/wp-content\/uploads\/2020\/11\/7-105.jpg\" class=\"attachment-full size-full\" alt=\"\" srcset=\"https:\/\/archive.sana.sy\/es\/wp-content\/uploads\/2020\/11\/7-105.jpg 660w, https:\/\/archive.sana.sy\/es\/wp-content\/uploads\/2020\/11\/7-105-300x253.jpg 300w, https:\/\/archive.sana.sy\/es\/wp-content\/uploads\/2020\/11\/7-105-150x126.jpg 150w\" sizes=\"(max-width: 660px) 100vw, 660px\" \/><\/a>\n\t\t\t<\/div><\/figure><figure class='gallery-item'>\n\t\t\t<div class='gallery-icon landscape'>\n\t\t\t\t<a href='https:\/\/archive.sana.sy\/es\/wp-content\/uploads\/2020\/11\/8-93.jpg'><img loading=\"lazy\" decoding=\"async\" width=\"660\" height=\"393\" src=\"https:\/\/archive.sana.sy\/es\/wp-content\/uploads\/2020\/11\/8-93.jpg\" class=\"attachment-full size-full\" alt=\"\" srcset=\"https:\/\/archive.sana.sy\/es\/wp-content\/uploads\/2020\/11\/8-93.jpg 660w, https:\/\/archive.sana.sy\/es\/wp-content\/uploads\/2020\/11\/8-93-300x179.jpg 300w, https:\/\/archive.sana.sy\/es\/wp-content\/uploads\/2020\/11\/8-93-150x89.jpg 150w\" sizes=\"(max-width: 660px) 100vw, 660px\" \/><\/a>\n\t\t\t<\/div><\/figure><figure class='gallery-item'>\n\t\t\t<div class='gallery-icon landscape'>\n\t\t\t\t<a href='https:\/\/archive.sana.sy\/es\/wp-content\/uploads\/2020\/11\/42-8-660x330-2.jpg'><img loading=\"lazy\" decoding=\"async\" width=\"660\" height=\"330\" src=\"https:\/\/archive.sana.sy\/es\/wp-content\/uploads\/2020\/11\/42-8-660x330-2.jpg\" class=\"attachment-full size-full\" alt=\"\" srcset=\"https:\/\/archive.sana.sy\/es\/wp-content\/uploads\/2020\/11\/42-8-660x330-2.jpg 660w, https:\/\/archive.sana.sy\/es\/wp-content\/uploads\/2020\/11\/42-8-660x330-2-300x150.jpg 300w, https:\/\/archive.sana.sy\/es\/wp-content\/uploads\/2020\/11\/42-8-660x330-2-150x75.jpg 150w\" sizes=\"(max-width: 660px) 100vw, 660px\" \/><\/a>\n\t\t\t<\/div><\/figure>\n\t\t<\/div>\n\n","protected":false},"excerpt":{"rendered":"<p>Damasco, SANA La Sra. Asma Al-Assad recibi\u00f3 hoy a Anna Kuznetsova, Comisionada del Presidente de la Federaci\u00f3n de Rusia para los Derechos del Ni\u00f1o, y la delegaci\u00f3n que le acompa\u00f1a. Las conversaciones durante la reuni\u00f3n abordaron los esfuerzos conjuntos sirios y rusos para sacar a los ni\u00f1os rusos de los campamentos Al-Hol y Al-Roj, y &hellip;<\/p>\n","protected":false},"author":30,"featured_media":159312,"comment_status":"closed","ping_status":"closed","sticky":false,"template":"","format":"standard","meta":{"footnotes":""},"categories":[597,467,7541],"tags":[18475],"class_list":["post-159302","post","type-post","status-publish","format-standard","has-post-thumbnail","","category-cinta-de-noticias","category-siria-y-el-mundo","category-ultimas-noticias","tag-asma-al-assad-recibe-a-la-comisionada-del-presidente-de-rusia-para-derechos-del-nino"],"_links":{"self":[{"href":"https:\/\/archive.sana.sy\/es\/index.php?rest_route=\/wp\/v2\/posts\/159302"}],"collection":[{"href":"https:\/\/archive.sana.sy\/es\/index.php?rest_route=\/wp\/v2\/posts"}],"about":[{"href":"https:\/\/archive.sana.sy\/es\/index.php?rest_route=\/wp\/v2\/types\/post"}],"author":[{"embeddable":true,"href":"https:\/\/archive.sana.sy\/es\/index.php?rest_route=\/wp\/v2\/users\/30"}],"replies":[{"embeddable":true,"href":"https:\/\/archive.sana.sy\/es\/index.php?rest_route=%2Fwp%2Fv2%2Fcomments&post=159302"}],"version-history":[{"count":0,"href":"https:\/\/archive.sana.sy\/es\/index.php?rest_route=\/wp\/v2\/posts\/159302\/revisions"}],"wp:featuredmedia":[{"embeddable":true,"href":"https:\/\/archive.sana.sy\/es\/index.php?rest_route=\/wp\/v2\/media\/159312"}],"wp:attachment":[{"href":"https:\/\/archive.sana.sy\/es\/index.php?rest_route=%2Fwp%2Fv2%2Fmedia&parent=159302"}],"wp:term":[{"taxonomy":"category","embeddable":true,"href":"https:\/\/archive.sana.sy\/es\/index.php?rest_route=%2Fwp%2Fv2%2Fcategories&post=159302"},{"taxonomy":"post_tag","embeddable":true,"href":"https:\/\/archive.sana.sy\/es\/index.php?rest_route=%2Fwp%2Fv2%2Ftags&post=159302"}],"curies":[{"name":"wp","href":"https:\/\/api.w.org\/{rel}","templated":true}]}}