{"id":159329,"date":"2020-11-12T18:39:39","date_gmt":"2020-11-12T16:39:39","guid":{"rendered":"http:\/\/107.6.182.27\/es\/?p=159329"},"modified":"2020-11-12T22:18:15","modified_gmt":"2020-11-12T20:18:15","slug":"lavrentiev-califica-de-exitosa-la-conferencia-internacional-sobre-retorno-de-refugiados-sirios-tras-participacion-de-27-paises-y-organizaciones","status":"publish","type":"post","link":"https:\/\/archive.sana.sy\/es\/?p=159329","title":{"rendered":"Lavr\u00e9ntiev califica de \u00b4exitosa\u00b4 la Conferencia Internacional sobre Retorno de Refugiados Sirios"},"content":{"rendered":"<p style=\"text-align: justify;\"><span style=\"color: #800000;\"><strong>Damasco, SANA<\/strong><\/span><\/p>\n<p style=\"text-align: justify;\">El enviado especial del Presidente de Rusia para Siria, Alexander Lavr\u00e9ntiev calific\u00f3 de \u00a8exitosa\u00a8, la Conferencia Internacional sobre Retorno de Refugiados Sirios tras la participaci\u00f3n de 27 Estados y Organizaciones.<\/p>\n<p style=\"text-align: justify;\">Lavr\u00e9ntiev se\u00f1al\u00f3 en la sesi\u00f3n de clausura de la Conferencia que la soluci\u00f3n a la cuesti\u00f3n de los refugiados contribuir\u00e1 a fortalecer la estabilidad en Siria y agreg\u00f3 que \u00a8la celebraci\u00f3n de esa conferencia indica que Siria espera el retorno de todos los refugiados en el exterior despu\u00e9s de que este pa\u00eds haya encontrado las v\u00edas e iniciativas para solventar esta cuesti\u00f3n humanitaria\u00a8.<\/p>\n<p style=\"text-align: justify;\">Hizo alusi\u00f3n a las pol\u00edticas hostiles que obstaculizan el retorno de los refugiados, como la ocupaci\u00f3n de algunos de los territorios sirios, el saqueo de los recursos naturales y las medidas econ\u00f3micas unilaterales occidentales.<\/p>\n<p style=\"text-align: justify;\">El funcionario ruso se\u00f1al\u00f3 que Siria y Rusia est\u00e1n dispuestos a proporcionar todo lo que contribuya a facilitar el retorno de los refugiados.<\/p>\n<p style=\"text-align: justify;\">Llam\u00f3 al mismo tiempo todos los pa\u00edses y organizaciones de las Naciones Unidas a apoyar los pasos encaminados a solucionar esta cuesti\u00f3n.<\/p>\n<p style=\"text-align: justify;\">Por su parte, el director del centro de coordinaci\u00f3n ruso-sirio para el retorno de los refugiados, el general ruso Mijail Mizintsev, destac\u00f3 que la Conferencia representa el inicio de una nueva etapa para el retorno de los refugiados y el logro de la estabilidad en Siria.<\/p>\n<p style=\"text-align: justify;\">Agreg\u00f3 que muchos pa\u00edses occidentales se negaron a participar en la Conferencia e hizo un llamamiento a los mismos para venir a Siria y asegurarse personalmente de que haya condiciones seguras y dignas para el retorno de los refugiados sirios a su patria\u00a8.<\/p>\n<p style=\"text-align: justify;\">Mizintsev indic\u00f3 que \u00a8gracias a las medidas adoptadas por Siria, muchos de los refugiados regresaron a sus lugares de residencia\u00a8, haciendo hincapi\u00e9 en que el Estado sirio garantiz\u00f3 a ellos todas las condiciones necesarias y los proporcion\u00f3 servicios m\u00e9dicos y otras ayudas humanitarias de forma gratuita\u00a8.<\/p>\n<p style=\"text-align: justify;\">\u00a8Los refugiados que regresaron se incorporaron a sus trabajos y los ni\u00f1os comenzaron a ir a las escuelas\u00a8, enfatiz\u00f3.<\/p>\n<p style=\"text-align: justify;\"><span style=\"color: #0000ff;\"><strong>yk\/ah<\/strong><\/span><\/p>\n","protected":false},"excerpt":{"rendered":"<p>Damasco, SANA El enviado especial del Presidente de Rusia para Siria, Alexander Lavr\u00e9ntiev calific\u00f3 de \u00a8exitosa\u00a8, la Conferencia Internacional sobre Retorno de Refugiados Sirios tras la participaci\u00f3n de 27 Estados y Organizaciones. Lavr\u00e9ntiev se\u00f1al\u00f3 en la sesi\u00f3n de clausura de la Conferencia que la soluci\u00f3n a la cuesti\u00f3n de los refugiados contribuir\u00e1 a fortalecer la &hellip;<\/p>\n","protected":false},"author":1,"featured_media":159330,"comment_status":"closed","ping_status":"closed","sticky":false,"template":"","format":"standard","meta":{"footnotes":""},"categories":[597,467,7541],"tags":[18480],"class_list":["post-159329","post","type-post","status-publish","format-standard","has-post-thumbnail","","category-cinta-de-noticias","category-siria-y-el-mundo","category-ultimas-noticias","tag-lavrentiev-califica-de-exitosa-la-conferencia-internacional-sobre-retorno-de-refugiados-sirios"],"_links":{"self":[{"href":"https:\/\/archive.sana.sy\/es\/index.php?rest_route=\/wp\/v2\/posts\/159329"}],"collection":[{"href":"https:\/\/archive.sana.sy\/es\/index.php?rest_route=\/wp\/v2\/posts"}],"about":[{"href":"https:\/\/archive.sana.sy\/es\/index.php?rest_route=\/wp\/v2\/types\/post"}],"author":[{"embeddable":true,"href":"https:\/\/archive.sana.sy\/es\/index.php?rest_route=\/wp\/v2\/users\/1"}],"replies":[{"embeddable":true,"href":"https:\/\/archive.sana.sy\/es\/index.php?rest_route=%2Fwp%2Fv2%2Fcomments&post=159329"}],"version-history":[{"count":0,"href":"https:\/\/archive.sana.sy\/es\/index.php?rest_route=\/wp\/v2\/posts\/159329\/revisions"}],"wp:featuredmedia":[{"embeddable":true,"href":"https:\/\/archive.sana.sy\/es\/index.php?rest_route=\/wp\/v2\/media\/159330"}],"wp:attachment":[{"href":"https:\/\/archive.sana.sy\/es\/index.php?rest_route=%2Fwp%2Fv2%2Fmedia&parent=159329"}],"wp:term":[{"taxonomy":"category","embeddable":true,"href":"https:\/\/archive.sana.sy\/es\/index.php?rest_route=%2Fwp%2Fv2%2Fcategories&post=159329"},{"taxonomy":"post_tag","embeddable":true,"href":"https:\/\/archive.sana.sy\/es\/index.php?rest_route=%2Fwp%2Fv2%2Ftags&post=159329"}],"curies":[{"name":"wp","href":"https:\/\/api.w.org\/{rel}","templated":true}]}}