{"id":159537,"date":"2020-11-15T07:23:21","date_gmt":"2020-11-15T05:23:21","guid":{"rendered":"http:\/\/107.6.182.27\/es\/?p=159537"},"modified":"2023-01-10T15:34:07","modified_gmt":"2023-01-10T13:34:07","slug":"siria-en-sintesis-15-de-noviembre-de-2020","status":"publish","type":"post","link":"https:\/\/archive.sana.sy\/es\/?p=159537","title":{"rendered":"Siria en S\u00edntesis, 15 de noviembre de 2020"},"content":{"rendered":"<p><strong><span style=\"color: #800000;\">Damasco, SANA<\/span><\/strong><\/p>\n<p>???? Inicia feria de artesan\u00edas en peligro de extinci\u00f3n en Alepo<\/p>\n<p>???? Siria confirma 61 nuevos casos, 4 decesos y 56 recuperados de la Covid-19<\/p>\n<p>???? Jeffrey desinform\u00f3 sobre el verdadero n\u00famero de fuerzas de ocupaci\u00f3n estadounidenses en Siria<\/p>\n<p>???? Contin\u00faan ataques contra milicia proestadounidense en el norte de Siria<\/p>\n<p>???? Dos civiles resultan heridos por estallido de minas sembradas por la milicia FDS en Hasakeh<\/p>\n<p>???? Dos ni\u00f1os sirios heridos por explosi\u00f3n de granada en Hermel, L\u00edbano<\/p>\n<p>???? Siria ocupa lugar destacado en cr\u00eda de caballos \u00e1rabes de pura raza<\/p>\n<p>???? Canciller\u00eda palestina reclama cese de violaciones sionistas contra lugares santos<\/p>\n<p><strong><span style=\"color: #0000ff;\">fm\/ed<\/span><\/strong><\/p>\n","protected":false},"excerpt":{"rendered":"<p>Damasco, SANA ???? Inicia feria de artesan\u00edas en peligro de extinci\u00f3n en Alepo ???? Siria confirma 61 nuevos casos, 4 decesos y 56 recuperados de la Covid-19 ???? Jeffrey desinform\u00f3 sobre el verdadero n\u00famero de fuerzas de ocupaci\u00f3n estadounidenses en Siria ???? Contin\u00faan ataques contra milicia proestadounidense en el norte de Siria ???? Dos civiles &hellip;<\/p>\n","protected":false},"author":32,"featured_media":159538,"comment_status":"closed","ping_status":"closed","sticky":false,"template":"","format":"standard","meta":{"footnotes":""},"categories":[447,555,597],"tags":[],"class_list":["post-159537","post","type-post","status-publish","format-standard","has-post-thumbnail","","category-local-politica","category-prensa","category-cinta-de-noticias"],"_links":{"self":[{"href":"https:\/\/archive.sana.sy\/es\/index.php?rest_route=\/wp\/v2\/posts\/159537"}],"collection":[{"href":"https:\/\/archive.sana.sy\/es\/index.php?rest_route=\/wp\/v2\/posts"}],"about":[{"href":"https:\/\/archive.sana.sy\/es\/index.php?rest_route=\/wp\/v2\/types\/post"}],"author":[{"embeddable":true,"href":"https:\/\/archive.sana.sy\/es\/index.php?rest_route=\/wp\/v2\/users\/32"}],"replies":[{"embeddable":true,"href":"https:\/\/archive.sana.sy\/es\/index.php?rest_route=%2Fwp%2Fv2%2Fcomments&post=159537"}],"version-history":[{"count":0,"href":"https:\/\/archive.sana.sy\/es\/index.php?rest_route=\/wp\/v2\/posts\/159537\/revisions"}],"wp:featuredmedia":[{"embeddable":true,"href":"https:\/\/archive.sana.sy\/es\/index.php?rest_route=\/wp\/v2\/media\/159538"}],"wp:attachment":[{"href":"https:\/\/archive.sana.sy\/es\/index.php?rest_route=%2Fwp%2Fv2%2Fmedia&parent=159537"}],"wp:term":[{"taxonomy":"category","embeddable":true,"href":"https:\/\/archive.sana.sy\/es\/index.php?rest_route=%2Fwp%2Fv2%2Fcategories&post=159537"},{"taxonomy":"post_tag","embeddable":true,"href":"https:\/\/archive.sana.sy\/es\/index.php?rest_route=%2Fwp%2Fv2%2Ftags&post=159537"}],"curies":[{"name":"wp","href":"https:\/\/api.w.org\/{rel}","templated":true}]}}