{"id":159595,"date":"2020-11-15T20:39:26","date_gmt":"2020-11-15T18:39:26","guid":{"rendered":"http:\/\/107.6.182.27\/es\/?p=159595"},"modified":"2020-11-15T20:48:46","modified_gmt":"2020-11-15T18:48:46","slug":"mas-de-28-mil-ninos-son-vacunados-contra-diferentes-enfermedades-en-provincia-de-hasakeh","status":"publish","type":"post","link":"https:\/\/archive.sana.sy\/es\/?p=159595","title":{"rendered":"M\u00e1s de 28 mil ni\u00f1os son vacunados contra diferentes enfermedades en provincia de Hasakeh"},"content":{"rendered":"<p style=\"text-align: justify;\"><span style=\"color: #800000;\"><strong>Hasakeh, SANA<\/strong><\/span><\/p>\n<p style=\"text-align: justify;\">Unos 28 mil 860 ni\u00f1os menores de cinco a\u00f1os fueron inmunizados contra diferentes enfermedades en la provincia nororiental siria de Hasakeh.<\/p>\n<p style=\"text-align: justify;\">La campa\u00f1a de vacunaci\u00f3n en Hasakeh se lleva a cabo a trav\u00e9s de 44 equipos m\u00f3viles y 39 centros del Ministerio de Salud, y participan en la misma 380 trabajadores de la salud.<\/p>\n<p style=\"text-align: justify;\">Estas acciones de salud cuentan con todas las condiciones en los centros habilitados y con el personal adecuado para realizar la vacunaci\u00f3n.<\/p>\n<p style=\"text-align: justify;\">La inmunizaci\u00f3n est\u00e1 destinada a prevenir enfermedades como la difteria, t\u00e9tano y poliomielitis<\/p>\n<p style=\"text-align: justify;\">Recientemente, una campa\u00f1a similar de vacunaci\u00f3n fue ejecutada en toda Siria para ni\u00f1os de entre uno y cinco a\u00f1os como parte de un programa de salud a nivel de todo el pa\u00eds.<\/p>\n<p style=\"text-align: justify;\"><strong><span style=\"color: #0000ff;\">fm\/ed<\/span><\/strong><\/p>\n","protected":false},"excerpt":{"rendered":"<p>Hasakeh, SANA Unos 28 mil 860 ni\u00f1os menores de cinco a\u00f1os fueron inmunizados contra diferentes enfermedades en la provincia nororiental siria de Hasakeh. La campa\u00f1a de vacunaci\u00f3n en Hasakeh se lleva a cabo a trav\u00e9s de 44 equipos m\u00f3viles y 39 centros del Ministerio de Salud, y participan en la misma 380 trabajadores de la &hellip;<\/p>\n","protected":false},"author":32,"featured_media":159596,"comment_status":"closed","ping_status":"closed","sticky":false,"template":"","format":"standard","meta":{"footnotes":""},"categories":[477,597,476,7541],"tags":[],"class_list":["post-159595","post","type-post","status-publish","format-standard","has-post-thumbnail","","category-noticias-edulcorantes","category-cinta-de-noticias","category-locales","category-ultimas-noticias"],"_links":{"self":[{"href":"https:\/\/archive.sana.sy\/es\/index.php?rest_route=\/wp\/v2\/posts\/159595"}],"collection":[{"href":"https:\/\/archive.sana.sy\/es\/index.php?rest_route=\/wp\/v2\/posts"}],"about":[{"href":"https:\/\/archive.sana.sy\/es\/index.php?rest_route=\/wp\/v2\/types\/post"}],"author":[{"embeddable":true,"href":"https:\/\/archive.sana.sy\/es\/index.php?rest_route=\/wp\/v2\/users\/32"}],"replies":[{"embeddable":true,"href":"https:\/\/archive.sana.sy\/es\/index.php?rest_route=%2Fwp%2Fv2%2Fcomments&post=159595"}],"version-history":[{"count":0,"href":"https:\/\/archive.sana.sy\/es\/index.php?rest_route=\/wp\/v2\/posts\/159595\/revisions"}],"wp:featuredmedia":[{"embeddable":true,"href":"https:\/\/archive.sana.sy\/es\/index.php?rest_route=\/wp\/v2\/media\/159596"}],"wp:attachment":[{"href":"https:\/\/archive.sana.sy\/es\/index.php?rest_route=%2Fwp%2Fv2%2Fmedia&parent=159595"}],"wp:term":[{"taxonomy":"category","embeddable":true,"href":"https:\/\/archive.sana.sy\/es\/index.php?rest_route=%2Fwp%2Fv2%2Fcategories&post=159595"},{"taxonomy":"post_tag","embeddable":true,"href":"https:\/\/archive.sana.sy\/es\/index.php?rest_route=%2Fwp%2Fv2%2Ftags&post=159595"}],"curies":[{"name":"wp","href":"https:\/\/api.w.org\/{rel}","templated":true}]}}