{"id":159625,"date":"2020-11-15T20:41:36","date_gmt":"2020-11-15T18:41:36","guid":{"rendered":"http:\/\/107.6.182.27\/es\/?p=159625"},"modified":"2020-11-15T20:48:29","modified_gmt":"2020-11-15T18:48:29","slug":"frente-europeo-de-solidaridad-con-siria-elogia-conferencia-internacional-sobre-los-refugiados-sirios","status":"publish","type":"post","link":"https:\/\/archive.sana.sy\/es\/?p=159625","title":{"rendered":"Frente Europeo de Solidaridad con Siria elogia Conferencia Internacional sobre los Refugiados Sirios"},"content":{"rendered":"<p style=\"text-align: justify;\"><span style=\"color: #800000;\"><strong>Madrid, SANA<\/strong><\/span><\/p>\n<p style=\"text-align: justify;\">El Frente Europeo de Solidaridad Con Siria en Espa\u00f1a afirm\u00f3 que la Conferencia Internacional sobre Retorno de Refugiados Sirios celebrada recientemente en Damasco, de un paso importante para alentar a los refugiados a retornar a su patria y contribuir a la erradicaci\u00f3n del terrorismo y la reconstrucci\u00f3n.<\/p>\n<p style=\"text-align: justify;\">En un comunicado, el Frente expres\u00f3 su apoyo absoluto a esa conferencia y a todos los esfuerzos que est\u00e1 realizando el Gobierno sirio y sus verdaderos aliados para repatriar a los refugiados a sus zonas.<\/p>\n<p style=\"text-align: justify;\">\u201cTienen el derecho de retornar y vivir una vida digna en su patria despu\u00e9s de usarlos como herramienta de presi\u00f3n pol\u00edtica y chantaje internacional por algunos Estados miembros en el Consejo de Seguridad contra el gobierno leg\u00edtimo de su pa\u00eds\u201d, destac\u00f3 la declaraci\u00f3n.<\/p>\n<p style=\"text-align: justify;\">El frente conden\u00f3 la ausencia de Espa\u00f1a de este congreso internacional, subrayando que esto representa un fracaso en la escena internacional.<\/p>\n<p style=\"text-align: justify;\">Deplor\u00f3 las medidas econ\u00f3micas coercitivas unilaterales impuestas por la UE y EE.UU al pueblo sirio y su gobierno leg\u00edtimo, que aumenta y exacerba el dolor y el sufrimiento del pueblo sirio, especialmente respecto a enfrontar la pandemia del Coronavirus.<\/p>\n<p style=\"text-align: justify;\">Exigi\u00f3 al gobierno espa\u00f1ol que levante estas medidas ilegales e inmorales y que preste asistencia urgente al Gobierno sirio para que pueda proporcionar equipos de salud, aparatos m\u00e9dicos urgentes y medicinas para proteger a su poblaci\u00f3n, especialmente a los ni\u00f1os.<\/p>\n<p style=\"text-align: justify;\">\u201cLa comunidad internacional debe entender que el pueblo sirio es quien determina el futuro de Siria por s\u00ed solo y no mediante la imposici\u00f3n de pol\u00edticas exteriores, medidas coercitivas y el uso de terroristas\u201d, destac\u00f3 la declaraci\u00f3n.<\/p>\n<p style=\"text-align: justify;\">El frente subray\u00f3 que EEUU y sus aliados en la UE deber\u00edan darse cuenta de la importancia del restablecimiento de las relaciones con Siria.<\/p>\n<p style=\"text-align: justify;\">\u201cEl enemigo no es el Estado sirio, sino el extremismo y sus patrocinadores como Turqu\u00eda, Arabia Saudita, Qatar, Israel\u201d, concluy\u00f3.<\/p>\n<p style=\"text-align: justify;\"><span style=\"color: #0000ff;\"><strong>ah\/fm<\/strong><\/span><\/p>\n","protected":false},"excerpt":{"rendered":"<p>Madrid, SANA El Frente Europeo de Solidaridad Con Siria en Espa\u00f1a afirm\u00f3 que la Conferencia Internacional sobre Retorno de Refugiados Sirios celebrada recientemente en Damasco, de un paso importante para alentar a los refugiados a retornar a su patria y contribuir a la erradicaci\u00f3n del terrorismo y la reconstrucci\u00f3n. En un comunicado, el Frente expres\u00f3 &hellip;<\/p>\n","protected":false},"author":30,"featured_media":159629,"comment_status":"closed","ping_status":"closed","sticky":false,"template":"","format":"standard","meta":{"footnotes":""},"categories":[597,467,7541],"tags":[18498],"class_list":["post-159625","post","type-post","status-publish","format-standard","has-post-thumbnail","","category-cinta-de-noticias","category-siria-y-el-mundo","category-ultimas-noticias","tag-frente-europeo-de-solidaridad-con-siria-elogia-conferencia-internacional-sobre-los-refugiados-sirios"],"_links":{"self":[{"href":"https:\/\/archive.sana.sy\/es\/index.php?rest_route=\/wp\/v2\/posts\/159625"}],"collection":[{"href":"https:\/\/archive.sana.sy\/es\/index.php?rest_route=\/wp\/v2\/posts"}],"about":[{"href":"https:\/\/archive.sana.sy\/es\/index.php?rest_route=\/wp\/v2\/types\/post"}],"author":[{"embeddable":true,"href":"https:\/\/archive.sana.sy\/es\/index.php?rest_route=\/wp\/v2\/users\/30"}],"replies":[{"embeddable":true,"href":"https:\/\/archive.sana.sy\/es\/index.php?rest_route=%2Fwp%2Fv2%2Fcomments&post=159625"}],"version-history":[{"count":0,"href":"https:\/\/archive.sana.sy\/es\/index.php?rest_route=\/wp\/v2\/posts\/159625\/revisions"}],"wp:featuredmedia":[{"embeddable":true,"href":"https:\/\/archive.sana.sy\/es\/index.php?rest_route=\/wp\/v2\/media\/159629"}],"wp:attachment":[{"href":"https:\/\/archive.sana.sy\/es\/index.php?rest_route=%2Fwp%2Fv2%2Fmedia&parent=159625"}],"wp:term":[{"taxonomy":"category","embeddable":true,"href":"https:\/\/archive.sana.sy\/es\/index.php?rest_route=%2Fwp%2Fv2%2Fcategories&post=159625"},{"taxonomy":"post_tag","embeddable":true,"href":"https:\/\/archive.sana.sy\/es\/index.php?rest_route=%2Fwp%2Fv2%2Ftags&post=159625"}],"curies":[{"name":"wp","href":"https:\/\/api.w.org\/{rel}","templated":true}]}}