{"id":159630,"date":"2020-11-15T20:40:41","date_gmt":"2020-11-15T18:40:41","guid":{"rendered":"http:\/\/107.6.182.27\/es\/?p=159630"},"modified":"2020-11-15T20:48:36","modified_gmt":"2020-11-15T18:48:36","slug":"parlamento-debate-desempeno-del-ministerio-de-electricidad","status":"publish","type":"post","link":"https:\/\/archive.sana.sy\/es\/?p=159630","title":{"rendered":"Parlamento debate desempe\u00f1o del Ministerio de Electricidad"},"content":{"rendered":"<p style=\"text-align: justify;\"><span style=\"color: #800000;\"><strong>Damasco, SANA<\/strong><\/span><\/p>\n<p style=\"text-align: justify;\">El Consejo del Pueblo (parlamento) debati\u00f3 hoy el desempe\u00f1o del Ministerio de Electricidad y cuestiones relacionadas con su labor.<\/p>\n<p style=\"text-align: justify;\">El ministro de Electricidad, Ghassan Zamel, explic\u00f3 durante la sesi\u00f3n, que \u201cdurante los \u00faltimos meses se rehabilitaron centrales el\u00e9ctricas da\u00f1adas por el terrorismo y comenz\u00f3 la construcci\u00f3n de otras nuevas a un costo total de 124 millones de euros.<\/p>\n<p style=\"text-align: justify;\">Indic\u00f3 que 179 estaciones de conversi\u00f3n el\u00e9ctrica han sido rehabilitadas en las zonas liberadas de Alepo y otros 300 estar\u00edan terminadas a finales del a\u00f1o.<\/p>\n<p style=\"text-align: justify;\">\u201cActualmente hay considerables dificultades para el ministerio para asegurar el combustible y el gas necesarios para operar las centrales el\u00e9ctricas debido al bloqueo econ\u00f3mico y las medidas coercitivas unilaterales impuestas al pueblo sirio\u201d, concluy\u00f3.<\/p>\n<p style=\"text-align: justify;\"><span style=\"color: #0000ff;\"><strong>ah\/fm<\/strong><\/span><\/p>\n","protected":false},"excerpt":{"rendered":"<p>Damasco, SANA El Consejo del Pueblo (parlamento) debati\u00f3 hoy el desempe\u00f1o del Ministerio de Electricidad y cuestiones relacionadas con su labor. El ministro de Electricidad, Ghassan Zamel, explic\u00f3 durante la sesi\u00f3n, que \u201cdurante los \u00faltimos meses se rehabilitaron centrales el\u00e9ctricas da\u00f1adas por el terrorismo y comenz\u00f3 la construcci\u00f3n de otras nuevas a un costo total &hellip;<\/p>\n","protected":false},"author":30,"featured_media":159631,"comment_status":"closed","ping_status":"closed","sticky":false,"template":"","format":"standard","meta":{"footnotes":""},"categories":[597,476,7541],"tags":[18500],"class_list":["post-159630","post","type-post","status-publish","format-standard","has-post-thumbnail","","category-cinta-de-noticias","category-locales","category-ultimas-noticias","tag-parlamento-debate-desempeno-del-ministerio-de-electricidad"],"_links":{"self":[{"href":"https:\/\/archive.sana.sy\/es\/index.php?rest_route=\/wp\/v2\/posts\/159630"}],"collection":[{"href":"https:\/\/archive.sana.sy\/es\/index.php?rest_route=\/wp\/v2\/posts"}],"about":[{"href":"https:\/\/archive.sana.sy\/es\/index.php?rest_route=\/wp\/v2\/types\/post"}],"author":[{"embeddable":true,"href":"https:\/\/archive.sana.sy\/es\/index.php?rest_route=\/wp\/v2\/users\/30"}],"replies":[{"embeddable":true,"href":"https:\/\/archive.sana.sy\/es\/index.php?rest_route=%2Fwp%2Fv2%2Fcomments&post=159630"}],"version-history":[{"count":0,"href":"https:\/\/archive.sana.sy\/es\/index.php?rest_route=\/wp\/v2\/posts\/159630\/revisions"}],"wp:featuredmedia":[{"embeddable":true,"href":"https:\/\/archive.sana.sy\/es\/index.php?rest_route=\/wp\/v2\/media\/159631"}],"wp:attachment":[{"href":"https:\/\/archive.sana.sy\/es\/index.php?rest_route=%2Fwp%2Fv2%2Fmedia&parent=159630"}],"wp:term":[{"taxonomy":"category","embeddable":true,"href":"https:\/\/archive.sana.sy\/es\/index.php?rest_route=%2Fwp%2Fv2%2Fcategories&post=159630"},{"taxonomy":"post_tag","embeddable":true,"href":"https:\/\/archive.sana.sy\/es\/index.php?rest_route=%2Fwp%2Fv2%2Ftags&post=159630"}],"curies":[{"name":"wp","href":"https:\/\/api.w.org\/{rel}","templated":true}]}}