{"id":159679,"date":"2020-11-16T13:03:56","date_gmt":"2020-11-16T11:03:56","guid":{"rendered":"http:\/\/107.6.182.27\/es\/?p=159679"},"modified":"2020-11-16T13:03:56","modified_gmt":"2020-11-16T11:03:56","slug":"notable-presencia-de-siria-en-feria-internacional-del-libro-de-sharjah","status":"publish","type":"post","link":"https:\/\/archive.sana.sy\/es\/?p=159679","title":{"rendered":"Notable presencia de Siria en Feria Internacional del Libro de Sharjah"},"content":{"rendered":"<p style=\"text-align: justify;\"><span style=\"color: #800000;\">Sharjah, SANA<\/span><\/p>\n<p style=\"text-align: justify;\">La guerra terrorista y el injusto bloqueo impuestos a Siria no han impedido que la industria editorial siria tenga una marcada presencia en la trig\u00e9simo novena edici\u00f3n de la Feria Internacional del Libro de Sharjah en los Emiratos \u00c1rabes Unidos.<\/p>\n<p style=\"text-align: justify;\">M\u00e1s de 90 editoriales sirias participaron en este evento que lleva el t\u00edtulo: El Mundo Lee Desde Sharjah&#8221;<\/p>\n<p style=\"text-align: justify;\">El jefe de la Uni\u00f3n de Editores Sirios declar\u00f3 a la agencia SANA que muchos escritores sirios presentan nuevos libros, y aclar\u00f3 que la participaci\u00f3n siria no se limita a los libros, sino que incluy\u00f3 actividades profesionales y seminarios culturales.<\/p>\n<div id='gallery-1' class='gallery galleryid-159679 gallery-columns-1 gallery-size-full'><figure class='gallery-item'>\n\t\t\t<div class='gallery-icon landscape'>\n\t\t\t\t<a href='https:\/\/archive.sana.sy\/es\/?attachment_id=159681'><img loading=\"lazy\" decoding=\"async\" width=\"660\" height=\"370\" src=\"https:\/\/archive.sana.sy\/es\/wp-content\/uploads\/2020\/11\/treartretwgrgwgwwtwgrw.jpg\" class=\"attachment-full size-full\" alt=\"\" srcset=\"https:\/\/archive.sana.sy\/es\/wp-content\/uploads\/2020\/11\/treartretwgrgwgwwtwgrw.jpg 660w, https:\/\/archive.sana.sy\/es\/wp-content\/uploads\/2020\/11\/treartretwgrgwgwwtwgrw-300x168.jpg 300w, https:\/\/archive.sana.sy\/es\/wp-content\/uploads\/2020\/11\/treartretwgrgwgwwtwgrw-150x84.jpg 150w\" sizes=\"(max-width: 660px) 100vw, 660px\" \/><\/a>\n\t\t\t<\/div><\/figure>\n\t\t<\/div>\n\n<p style=\"text-align: justify;\"><span style=\"color: #0000ff;\"><strong>ws\/fm<\/strong><\/span><\/p>\n","protected":false},"excerpt":{"rendered":"<p>Sharjah, SANA La guerra terrorista y el injusto bloqueo impuestos a Siria no han impedido que la industria editorial siria tenga una marcada presencia en la trig\u00e9simo novena edici\u00f3n de la Feria Internacional del Libro de Sharjah en los Emiratos \u00c1rabes Unidos. M\u00e1s de 90 editoriales sirias participaron en este evento que lleva el t\u00edtulo: &hellip;<\/p>\n","protected":false},"author":35,"featured_media":159680,"comment_status":"closed","ping_status":"closed","sticky":false,"template":"","format":"standard","meta":{"footnotes":""},"categories":[597,510,467,7541],"tags":[],"class_list":["post-159679","post","type-post","status-publish","format-standard","has-post-thumbnail","","category-cinta-de-noticias","category-arte-y-cultura","category-siria-y-el-mundo","category-ultimas-noticias"],"_links":{"self":[{"href":"https:\/\/archive.sana.sy\/es\/index.php?rest_route=\/wp\/v2\/posts\/159679"}],"collection":[{"href":"https:\/\/archive.sana.sy\/es\/index.php?rest_route=\/wp\/v2\/posts"}],"about":[{"href":"https:\/\/archive.sana.sy\/es\/index.php?rest_route=\/wp\/v2\/types\/post"}],"author":[{"embeddable":true,"href":"https:\/\/archive.sana.sy\/es\/index.php?rest_route=\/wp\/v2\/users\/35"}],"replies":[{"embeddable":true,"href":"https:\/\/archive.sana.sy\/es\/index.php?rest_route=%2Fwp%2Fv2%2Fcomments&post=159679"}],"version-history":[{"count":0,"href":"https:\/\/archive.sana.sy\/es\/index.php?rest_route=\/wp\/v2\/posts\/159679\/revisions"}],"wp:featuredmedia":[{"embeddable":true,"href":"https:\/\/archive.sana.sy\/es\/index.php?rest_route=\/wp\/v2\/media\/159680"}],"wp:attachment":[{"href":"https:\/\/archive.sana.sy\/es\/index.php?rest_route=%2Fwp%2Fv2%2Fmedia&parent=159679"}],"wp:term":[{"taxonomy":"category","embeddable":true,"href":"https:\/\/archive.sana.sy\/es\/index.php?rest_route=%2Fwp%2Fv2%2Fcategories&post=159679"},{"taxonomy":"post_tag","embeddable":true,"href":"https:\/\/archive.sana.sy\/es\/index.php?rest_route=%2Fwp%2Fv2%2Ftags&post=159679"}],"curies":[{"name":"wp","href":"https:\/\/api.w.org\/{rel}","templated":true}]}}