{"id":15969,"date":"2015-01-14T12:02:22","date_gmt":"2015-01-14T10:02:22","guid":{"rendered":"http:\/\/sana.sy\/es\/?p=15969"},"modified":"2023-01-10T15:35:17","modified_gmt":"2023-01-10T13:35:17","slug":"principales-titulares-de-la-prensa-nacional-de-hoy-miercoles","status":"publish","type":"post","link":"https:\/\/archive.sana.sy\/es\/?p=15969","title":{"rendered":"Principales titulares de la prensa nacional de hoy mi\u00e9rcoles"},"content":{"rendered":"<p>Damasco, SANA<\/p>\n<p>La prensa oficial siria publicada hoy en Damasco, destac\u00f3 en sus portadas, los siguientes titulares:<\/p>\n<p>1. Gabinete aprueba durante su sesi\u00f3n semanal la creaci\u00f3n del Instituto Superior de Planificaci\u00f3n Regional<br \/>\n2. Ej\u00e9rcito inflige significativas bajas en las filas de los terroristas.<br \/>\n3. En Homs, las unidades del ej\u00e9rcito acabaron con numerosos terroristas en las zonas de los valles de Samarmar y al-Kahef en el campo de Quseir.<br \/>\n4. En la provincia de Deraa en el sur del pa\u00eds, unidades del ej\u00e9rcito aniquilaron a numerosos terroristas e hirieron a otros en las localidades de Bousra Sham, Maraba y Naimeh en el campo este de Deraa.<br \/>\n5. En la provincia norte\u00f1a de Hassakeh, unidades castrenses, en cooperaci\u00f3n con los grupos de defensa popular contrarrestaron un ataque desatado por los terroristas del Estado Isl\u00e1mico contra las zonas de Tal Ghazal y Kherbet Yad\u00fa al este de la ciudad de Qamishli.<br \/>\n6. Fuente militar, unidades del ej\u00e9rcito y de las fuerzas armads destruyeron un zulo de terroristas y un dep\u00f3sito de armas y municiones as\u00ed como una base de cohetes y varios veh\u00edculos equipados con ametralladoras pesadas que pertenec\u00edan a la organizaci\u00f3n terrorista DAESH en las zonas de Ybeilya, Rashdya, Hweka, Rasafe, Mureia, Yafra, Bu Omar, Jarita, Ayash, Husainya, Hesan y Hweyat Saker en Deri Ezzour y su campo.<br \/>\n7. Destacamentos del ej\u00e9rcito devastaron escondites de las organizaciones terroristas en Deraa al Balad, Otman, Zamrin, Deir Al-Adas, Al-Shiej Meskin, Ebtaa y Anjel en Deraa y su campo.<br \/>\n8. Dos heridos en ataques terroristas con mortero contra Damasco.<br \/>\n9. Fuente diplom\u00e1tica rusa: los representantes de la oposici\u00f3n siria se reunir\u00edan en Mosc\u00fa a finales de mes.<br \/>\n10. El coordinador antiterrorista de la UE, Gilles Du Kerchove, 30% de los europeos que luchan con los terroristas regresaron a sus pa\u00edses de origen.<br \/>\n11. presidente de Uzbekist\u00e1n, \u201cla intervenci\u00f3n militar extranjera en los asuntos de otros pa\u00edses es una amenaza para la seguridad y la estabilidad internacionales\u201d.<br \/>\n12. Ex presidente de Georgia:Cientos de georgianos se han unido a las filas de la organizaci\u00f3n terrorista del EI en Siria.<br \/>\n13. Examinadas las necesidades humanitarias y la posibilidad de aumentar el apoyo a los afectado por el terrorismo.<br \/>\n14. Siria y Bielorrusia examinan la cooperaci\u00f3n en el \u00e1mbito de la fabricaci\u00f3n de maquinaria pesada.<br \/>\n15. Hallado un artefacto en la carretera Tripoli Zgarta en el L\u00edbano.<br \/>\n16. Ej\u00e9rcito liban\u00e9s detiene a tres terroristas que estaban en camino para perpetrar un atentado terrorista.<\/p>\n<p>&nbsp;<\/p>\n<p>Lynn A.<\/p>\n","protected":false},"excerpt":{"rendered":"<p>Damasco, SANA La prensa oficial siria publicada hoy en Damasco, destac\u00f3 en sus portadas, los siguientes titulares: 1. Gabinete aprueba durante su sesi\u00f3n semanal la creaci\u00f3n del Instituto Superior de Planificaci\u00f3n Regional 2. Ej\u00e9rcito inflige significativas bajas en las filas de los terroristas. 3. En Homs, las unidades del ej\u00e9rcito acabaron con numerosos terroristas en &hellip;<\/p>\n","protected":false},"author":24,"featured_media":6186,"comment_status":"closed","ping_status":"closed","sticky":false,"template":"","format":"standard","meta":{"footnotes":""},"categories":[447,555],"tags":[3604],"class_list":["post-15969","post","type-post","status-publish","format-standard","has-post-thumbnail","","category-local-politica","category-prensa","tag-principales-titulares-de-la-prensa-nacional-de-hoy-miercoles"],"_links":{"self":[{"href":"https:\/\/archive.sana.sy\/es\/index.php?rest_route=\/wp\/v2\/posts\/15969"}],"collection":[{"href":"https:\/\/archive.sana.sy\/es\/index.php?rest_route=\/wp\/v2\/posts"}],"about":[{"href":"https:\/\/archive.sana.sy\/es\/index.php?rest_route=\/wp\/v2\/types\/post"}],"author":[{"embeddable":true,"href":"https:\/\/archive.sana.sy\/es\/index.php?rest_route=\/wp\/v2\/users\/24"}],"replies":[{"embeddable":true,"href":"https:\/\/archive.sana.sy\/es\/index.php?rest_route=%2Fwp%2Fv2%2Fcomments&post=15969"}],"version-history":[{"count":0,"href":"https:\/\/archive.sana.sy\/es\/index.php?rest_route=\/wp\/v2\/posts\/15969\/revisions"}],"wp:featuredmedia":[{"embeddable":true,"href":"https:\/\/archive.sana.sy\/es\/index.php?rest_route=\/wp\/v2\/media\/6186"}],"wp:attachment":[{"href":"https:\/\/archive.sana.sy\/es\/index.php?rest_route=%2Fwp%2Fv2%2Fmedia&parent=15969"}],"wp:term":[{"taxonomy":"category","embeddable":true,"href":"https:\/\/archive.sana.sy\/es\/index.php?rest_route=%2Fwp%2Fv2%2Fcategories&post=15969"},{"taxonomy":"post_tag","embeddable":true,"href":"https:\/\/archive.sana.sy\/es\/index.php?rest_route=%2Fwp%2Fv2%2Ftags&post=15969"}],"curies":[{"name":"wp","href":"https:\/\/api.w.org\/{rel}","templated":true}]}}