{"id":15971,"date":"2015-01-14T12:07:17","date_gmt":"2015-01-14T10:07:17","guid":{"rendered":"http:\/\/sana.sy\/es\/?p=15971"},"modified":"2015-01-14T12:07:17","modified_gmt":"2015-01-14T10:07:17","slug":"cumhuriyet-revela-fuertes-criticas-a-la-visita-del-primer-ministro-turco-a-francia","status":"publish","type":"post","link":"https:\/\/archive.sana.sy\/es\/?p=15971","title":{"rendered":"Cumhuriyet revela fuertes cr\u00edticas a la visita del Primer Ministro turco a Francia"},"content":{"rendered":"<p>Ankara, SANA<\/p>\n<p>El peri\u00f3dico turco \u201cCumhuriyet\u201d revel\u00f3 que fuertes cr\u00edticas se dirigieron contra el primer ministro de Turqu\u00eda, Ahmet Davutoglo, durante su \u00faltima visita Francia, debido a las pol\u00edticas de su Gobierno en apoyo al terrorismo y a las organizaciones terroristas, especialmente la organizaci\u00f3n terrorista del Estado Isl\u00e1mico, DAESH, ya que el Gobierno alem\u00e1n le exigi\u00f3 al funcionario turco intensificar las medidas de seguridad en las zonas fronterizas, en referencia a los informes y datos que confirman el hecho de que el r\u00e9gimen de Recep Tayyip Erdogan, haya ofrecido facilitaciones a las organizaciones terroristas, sobre todo en cuanto a facilitar su ingreso a Siria e Irak y la creaci\u00f3n de campo de entrenamiento y formaci\u00f3n a los elementos de las referidas organizaciones.<\/p>\n<p>En un art\u00edculo publicado en esta ocasi\u00f3n, el diario turco destac\u00f3 que la participaci\u00f3n de Davutoglo en las manifestaciones antiterroristas, celebradas en Par\u00eds, tras las agresiones del pasado mi\u00e9rcoles contra la semanal francesa \u201cCharlie Hebdu\u201d no impidieron las reacciones negativas contra las pol\u00edticas de Turqu\u00eda y su Gobierno hacia la Organizaci\u00f3n terrorista de DAESH.<\/p>\n<p>Por otra parte, \u201cCumhurriyet\u201d critic\u00f3 tambi\u00e9n las reacciones de algunos medios de comunicaci\u00f3n pro-Erdogan sobre el hecho de que Francia haya dirigido una invitaci\u00f3n especial a Davutoglo, desmintiendo a la vez que Francia haya dirigido una invitaci\u00f3n al funcionario turco y confirmando que Davutoglo visit\u00f3 a Francia y particip\u00f3 en la manifestaci\u00f3n sin una invitaci\u00f3n por parte de Francia, agregando que el presidente de Francia recibi\u00f3 a todos los funcionarios participantes en la manifestaci\u00f3n y les bes\u00f3, mientras que se limit\u00f3 solamente a saludar a Davutoglo, asunto que fue considerado por los medios franceses de comunicaci\u00f3n como una postura adoptada contra Turqu\u00eda y su Gobierno.<\/p>\n<p>El peri\u00f3dico se\u00f1al\u00f3 que el Palacio presidencial de Francia no dirigi\u00f3 una invitaci\u00f3n especial a Turqu\u00eda para participar en esta manifestaci\u00f3n, organizada en Par\u00eds, en tiempo que los medios internacionales de comunicaci\u00f3n dirigen fuertes cr\u00edticas por la participaci\u00f3n de Davutoglo en este evento, paralelamente con la represi\u00f3n que est\u00e1n recibiendo los medios turco de comunicaci\u00f3n opositores al Partido de Justicia y Desarrollo.<\/p>\n<p>Lynn A.<\/p>\n","protected":false},"excerpt":{"rendered":"<p>Ankara, SANA El peri\u00f3dico turco \u201cCumhuriyet\u201d revel\u00f3 que fuertes cr\u00edticas se dirigieron contra el primer ministro de Turqu\u00eda, Ahmet Davutoglo, durante su \u00faltima visita Francia, debido a las pol\u00edticas de su Gobierno en apoyo al terrorismo y a las organizaciones terroristas, especialmente la organizaci\u00f3n terrorista del Estado Isl\u00e1mico, DAESH, ya que el Gobierno alem\u00e1n le &hellip;<\/p>\n","protected":false},"author":24,"featured_media":15972,"comment_status":"closed","ping_status":"closed","sticky":false,"template":"","format":"standard","meta":{"footnotes":""},"categories":[555],"tags":[3605],"class_list":["post-15971","post","type-post","status-publish","format-standard","has-post-thumbnail","","category-prensa","tag-cumhuriyet-revela-fuertes-criticas-a-la-visita-del-primer-ministro-turco-a-francia"],"_links":{"self":[{"href":"https:\/\/archive.sana.sy\/es\/index.php?rest_route=\/wp\/v2\/posts\/15971"}],"collection":[{"href":"https:\/\/archive.sana.sy\/es\/index.php?rest_route=\/wp\/v2\/posts"}],"about":[{"href":"https:\/\/archive.sana.sy\/es\/index.php?rest_route=\/wp\/v2\/types\/post"}],"author":[{"embeddable":true,"href":"https:\/\/archive.sana.sy\/es\/index.php?rest_route=\/wp\/v2\/users\/24"}],"replies":[{"embeddable":true,"href":"https:\/\/archive.sana.sy\/es\/index.php?rest_route=%2Fwp%2Fv2%2Fcomments&post=15971"}],"version-history":[{"count":0,"href":"https:\/\/archive.sana.sy\/es\/index.php?rest_route=\/wp\/v2\/posts\/15971\/revisions"}],"wp:featuredmedia":[{"embeddable":true,"href":"https:\/\/archive.sana.sy\/es\/index.php?rest_route=\/wp\/v2\/media\/15972"}],"wp:attachment":[{"href":"https:\/\/archive.sana.sy\/es\/index.php?rest_route=%2Fwp%2Fv2%2Fmedia&parent=15971"}],"wp:term":[{"taxonomy":"category","embeddable":true,"href":"https:\/\/archive.sana.sy\/es\/index.php?rest_route=%2Fwp%2Fv2%2Fcategories&post=15971"},{"taxonomy":"post_tag","embeddable":true,"href":"https:\/\/archive.sana.sy\/es\/index.php?rest_route=%2Fwp%2Fv2%2Ftags&post=15971"}],"curies":[{"name":"wp","href":"https:\/\/api.w.org\/{rel}","templated":true}]}}