{"id":159710,"date":"2020-11-16T14:05:30","date_gmt":"2020-11-16T12:05:30","guid":{"rendered":"http:\/\/107.6.182.27\/es\/?p=159710"},"modified":"2020-11-16T14:40:27","modified_gmt":"2020-11-16T12:40:27","slug":"zarif-al-moallem-jugo-rol-importante-en-la-defensa-de-los-intereses-de-su-pais-y-su-seguridad-nacional","status":"publish","type":"post","link":"https:\/\/archive.sana.sy\/es\/?p=159710","title":{"rendered":"Zarif: Al-Moallem jug\u00f3 rol importante en la defensa de los intereses de su pa\u00eds y su seguridad nacional"},"content":{"rendered":"<p style=\"text-align: justify;\"><strong><span style=\"color: #800000;\">Teher\u00e1n, SANA<\/span><\/strong><\/p>\n<p style=\"text-align: justify;\">El ministro de Exteriores iran\u00ed, Mohammad Javad Zarif, expres\u00f3 sus condolencias por el fallecimiento del Viceprimer Ministro y Ministro de Relaciones Exteriores y Expatriados, Walid Al-Moallem, y destac\u00f3 que el fallecido desempe\u00f1\u00f3 un papel importante a lo largo de su vida en la defensa de los intereses y la seguridad de su pa\u00eds.<\/p>\n<p style=\"text-align: justify;\">\u201cHemos recibido con gran pesar y tristeza la noticia de la muerte de Walid al-Moallem&#8221;, dijo Zarif en un mensaje de condolencia enviado al Primer Ministro, Hussein Arnous.<\/p>\n<p style=\"text-align: justify;\">Expres\u00f3 sus m\u00e1s sinceras condolencias a la familia del fallecido y a los funcionarios del Ministerio de Exteriores de Siria por esta p\u00e9rdida.<\/p>\n<p style=\"text-align: justify;\"><span style=\"color: #0000ff;\"><strong>fm\/ws<\/strong><\/span><\/p>\n","protected":false},"excerpt":{"rendered":"<p>Teher\u00e1n, SANA El ministro de Exteriores iran\u00ed, Mohammad Javad Zarif, expres\u00f3 sus condolencias por el fallecimiento del Viceprimer Ministro y Ministro de Relaciones Exteriores y Expatriados, Walid Al-Moallem, y destac\u00f3 que el fallecido desempe\u00f1\u00f3 un papel importante a lo largo de su vida en la defensa de los intereses y la seguridad de su pa\u00eds. &hellip;<\/p>\n","protected":false},"author":35,"featured_media":159711,"comment_status":"closed","ping_status":"closed","sticky":false,"template":"","format":"standard","meta":{"footnotes":""},"categories":[597,467,7541],"tags":[],"class_list":["post-159710","post","type-post","status-publish","format-standard","has-post-thumbnail","","category-cinta-de-noticias","category-siria-y-el-mundo","category-ultimas-noticias"],"_links":{"self":[{"href":"https:\/\/archive.sana.sy\/es\/index.php?rest_route=\/wp\/v2\/posts\/159710"}],"collection":[{"href":"https:\/\/archive.sana.sy\/es\/index.php?rest_route=\/wp\/v2\/posts"}],"about":[{"href":"https:\/\/archive.sana.sy\/es\/index.php?rest_route=\/wp\/v2\/types\/post"}],"author":[{"embeddable":true,"href":"https:\/\/archive.sana.sy\/es\/index.php?rest_route=\/wp\/v2\/users\/35"}],"replies":[{"embeddable":true,"href":"https:\/\/archive.sana.sy\/es\/index.php?rest_route=%2Fwp%2Fv2%2Fcomments&post=159710"}],"version-history":[{"count":0,"href":"https:\/\/archive.sana.sy\/es\/index.php?rest_route=\/wp\/v2\/posts\/159710\/revisions"}],"wp:featuredmedia":[{"embeddable":true,"href":"https:\/\/archive.sana.sy\/es\/index.php?rest_route=\/wp\/v2\/media\/159711"}],"wp:attachment":[{"href":"https:\/\/archive.sana.sy\/es\/index.php?rest_route=%2Fwp%2Fv2%2Fmedia&parent=159710"}],"wp:term":[{"taxonomy":"category","embeddable":true,"href":"https:\/\/archive.sana.sy\/es\/index.php?rest_route=%2Fwp%2Fv2%2Fcategories&post=159710"},{"taxonomy":"post_tag","embeddable":true,"href":"https:\/\/archive.sana.sy\/es\/index.php?rest_route=%2Fwp%2Fv2%2Ftags&post=159710"}],"curies":[{"name":"wp","href":"https:\/\/api.w.org\/{rel}","templated":true}]}}