{"id":159732,"date":"2020-11-16T14:33:43","date_gmt":"2020-11-16T12:33:43","guid":{"rendered":"http:\/\/107.6.182.27\/es\/?p=159732"},"modified":"2020-11-16T16:19:29","modified_gmt":"2020-11-16T14:19:29","slug":"terroristas-proturcos-secuestran-a-civiles-en-efrin-alepo","status":"publish","type":"post","link":"https:\/\/archive.sana.sy\/es\/?p=159732","title":{"rendered":"Terroristas proturcos secuestran a civiles en Efr\u00edn, Alepo"},"content":{"rendered":"<p><span style=\"color: #800000;\"><strong>Alepo, SANA<\/strong><\/span><\/p>\n<p>Las organizaciones terroristas que operan bajo el mando del ej\u00e9rcito de ocupaci\u00f3n turco, secuestraron a varios civiles en el ocupado municipio de Efr\u00edn, en el norte de la provincia de Alepo.<\/p>\n<p>Bandas de radicales de la llamada \u201cDivisi\u00f3n Hamzat\u201d secuestraron a cinco civiles de la localidad de Bulbul y los llevaron a un lugar desconocido, informaron activistas locales.<\/p>\n<p>Agregaron que las organizaciones terroristas movilizaron sus bandas para controlar las protestas en su contra en Efr\u00edn y sus alrededores.<\/p>\n<p>Las zonas ocupadas por Turqu\u00eda y sus mercenarios terroristas presencian campa\u00f1as de allanamiento y registros de casas, y secuestro de j\u00f3venes para reclutarlos por la fuerza, adem\u00e1s de la ocupaci\u00f3n de casas de desplazados y el contrabandeo del algod\u00f3n y el trigo a Turqu\u00eda.<\/p>\n<p><strong><span style=\"color: #0000ff;\">fm\/ed<\/span><\/strong><\/p>\n","protected":false},"excerpt":{"rendered":"<p>Alepo, SANA Las organizaciones terroristas que operan bajo el mando del ej\u00e9rcito de ocupaci\u00f3n turco, secuestraron a varios civiles en el ocupado municipio de Efr\u00edn, en el norte de la provincia de Alepo. Bandas de radicales de la llamada \u201cDivisi\u00f3n Hamzat\u201d secuestraron a cinco civiles de la localidad de Bulbul y los llevaron a un &hellip;<\/p>\n","protected":false},"author":32,"featured_media":134840,"comment_status":"closed","ping_status":"closed","sticky":false,"template":"","format":"standard","meta":{"footnotes":""},"categories":[447,597,573,476,7541],"tags":[],"class_list":["post-159732","post","type-post","status-publish","format-standard","has-post-thumbnail","","category-local-politica","category-cinta-de-noticias","category-la-realidad-de-los-acontecimientos-en-siria","category-locales","category-ultimas-noticias"],"_links":{"self":[{"href":"https:\/\/archive.sana.sy\/es\/index.php?rest_route=\/wp\/v2\/posts\/159732"}],"collection":[{"href":"https:\/\/archive.sana.sy\/es\/index.php?rest_route=\/wp\/v2\/posts"}],"about":[{"href":"https:\/\/archive.sana.sy\/es\/index.php?rest_route=\/wp\/v2\/types\/post"}],"author":[{"embeddable":true,"href":"https:\/\/archive.sana.sy\/es\/index.php?rest_route=\/wp\/v2\/users\/32"}],"replies":[{"embeddable":true,"href":"https:\/\/archive.sana.sy\/es\/index.php?rest_route=%2Fwp%2Fv2%2Fcomments&post=159732"}],"version-history":[{"count":0,"href":"https:\/\/archive.sana.sy\/es\/index.php?rest_route=\/wp\/v2\/posts\/159732\/revisions"}],"wp:featuredmedia":[{"embeddable":true,"href":"https:\/\/archive.sana.sy\/es\/index.php?rest_route=\/wp\/v2\/media\/134840"}],"wp:attachment":[{"href":"https:\/\/archive.sana.sy\/es\/index.php?rest_route=%2Fwp%2Fv2%2Fmedia&parent=159732"}],"wp:term":[{"taxonomy":"category","embeddable":true,"href":"https:\/\/archive.sana.sy\/es\/index.php?rest_route=%2Fwp%2Fv2%2Fcategories&post=159732"},{"taxonomy":"post_tag","embeddable":true,"href":"https:\/\/archive.sana.sy\/es\/index.php?rest_route=%2Fwp%2Fv2%2Ftags&post=159732"}],"curies":[{"name":"wp","href":"https:\/\/api.w.org\/{rel}","templated":true}]}}