{"id":159735,"date":"2020-11-16T16:30:37","date_gmt":"2020-11-16T14:30:37","guid":{"rendered":"http:\/\/107.6.182.27\/es\/?p=159735"},"modified":"2020-11-16T16:30:37","modified_gmt":"2020-11-16T14:30:37","slug":"presidente-al-assad-recibe-mensajes-de-condolencias-por-el-fallecimiento-del-canciller-al-moallem","status":"publish","type":"post","link":"https:\/\/archive.sana.sy\/es\/?p=159735","title":{"rendered":"Presidente Al-Assad recibe mensajes de condolencias por el fallecimiento del canciller Al-Moallem"},"content":{"rendered":"<p style=\"text-align: justify;\"><span style=\"color: #800000;\"><strong>Beirut, SANA<\/strong><\/span><\/p>\n<p style=\"text-align: justify;\">El presidente Bashar Al-Assad, recibi\u00f3 hoy mensajes de condolencias por el fallecimiento del viceprimer ministro y ministro de Exteriores y Expatriados, Walid Al-Moallem.<\/p>\n<p style=\"text-align: justify;\">En su mensaje, el presidente liban\u00e9s, el general Michel Aoun, expres\u00f3 sus sinceras condolencias y destac\u00f3 el papel que desempe\u00f1\u00f3 Al-Moallem en su carrera diplom\u00e1tica dentro y fuera de Siria.<\/p>\n<p style=\"text-align: justify;\">Expres\u00f3 su esperanza de que la paz vuelva a todas partes de Siria para que \u201cel hermano pueblo sirio vuelva a disfrutar de la prosperidad que se merece\u201d.<\/p>\n<p style=\"text-align: justify;\">Asimismo, el presidente palestino Mahmoud Abbas, expres\u00f3 en mensaje al presidente Al Assad, sus m\u00e1s sinceras condolencias por la muerte del canciller Al-Moallem.<\/p>\n<p style=\"text-align: justify;\">\u201cDedic\u00f3 la mayor parte de su vida al servicio de su pa\u00eds y su pueblo, y para apoyar las causas de la naci\u00f3n \u00e1rabe, en particular la causa palestina\u201d, dijo Abbas.<\/p>\n<p style=\"text-align: justify;\">A su vez, el presidente del parlamento liban\u00e9s, Nabih Berry, dijo que \u201cla p\u00e9rdida de Al-Moallem sucede en una de las etapas m\u00e1s delicadas en las que la naci\u00f3n necesita a figuras como \u00e9l.\u201d<\/p>\n<p style=\"text-align: justify;\">\u201cAl-Moallem es una voz \u00e1rabe que se pronunci\u00f3 por la verdad hasta el \u00faltimo latido\u201d, dijo Berry.<\/p>\n<p style=\"text-align: justify;\"><strong><span style=\"color: #0000ff;\">fm\/ed<\/span><\/strong><\/p>\n","protected":false},"excerpt":{"rendered":"<p>Beirut, SANA El presidente Bashar Al-Assad, recibi\u00f3 hoy mensajes de condolencias por el fallecimiento del viceprimer ministro y ministro de Exteriores y Expatriados, Walid Al-Moallem. En su mensaje, el presidente liban\u00e9s, el general Michel Aoun, expres\u00f3 sus sinceras condolencias y destac\u00f3 el papel que desempe\u00f1\u00f3 Al-Moallem en su carrera diplom\u00e1tica dentro y fuera de Siria. &hellip;<\/p>\n","protected":false},"author":32,"featured_media":159736,"comment_status":"closed","ping_status":"closed","sticky":false,"template":"","format":"standard","meta":{"footnotes":""},"categories":[597,16237,583],"tags":[],"class_list":["post-159735","post","type-post","status-publish","format-standard","has-post-thumbnail","","category-cinta-de-noticias","category-presidence-de-la-republique-arabe-syria","category-slide"],"_links":{"self":[{"href":"https:\/\/archive.sana.sy\/es\/index.php?rest_route=\/wp\/v2\/posts\/159735"}],"collection":[{"href":"https:\/\/archive.sana.sy\/es\/index.php?rest_route=\/wp\/v2\/posts"}],"about":[{"href":"https:\/\/archive.sana.sy\/es\/index.php?rest_route=\/wp\/v2\/types\/post"}],"author":[{"embeddable":true,"href":"https:\/\/archive.sana.sy\/es\/index.php?rest_route=\/wp\/v2\/users\/32"}],"replies":[{"embeddable":true,"href":"https:\/\/archive.sana.sy\/es\/index.php?rest_route=%2Fwp%2Fv2%2Fcomments&post=159735"}],"version-history":[{"count":0,"href":"https:\/\/archive.sana.sy\/es\/index.php?rest_route=\/wp\/v2\/posts\/159735\/revisions"}],"wp:featuredmedia":[{"embeddable":true,"href":"https:\/\/archive.sana.sy\/es\/index.php?rest_route=\/wp\/v2\/media\/159736"}],"wp:attachment":[{"href":"https:\/\/archive.sana.sy\/es\/index.php?rest_route=%2Fwp%2Fv2%2Fmedia&parent=159735"}],"wp:term":[{"taxonomy":"category","embeddable":true,"href":"https:\/\/archive.sana.sy\/es\/index.php?rest_route=%2Fwp%2Fv2%2Fcategories&post=159735"},{"taxonomy":"post_tag","embeddable":true,"href":"https:\/\/archive.sana.sy\/es\/index.php?rest_route=%2Fwp%2Fv2%2Ftags&post=159735"}],"curies":[{"name":"wp","href":"https:\/\/api.w.org\/{rel}","templated":true}]}}