{"id":159749,"date":"2020-11-16T14:32:41","date_gmt":"2020-11-16T12:32:41","guid":{"rendered":"http:\/\/107.6.182.27\/es\/?p=159749"},"modified":"2020-11-16T18:06:20","modified_gmt":"2020-11-16T16:06:20","slug":"la-milicia-fds-secuestro-a-tres-mujeres-del-campamento-al-hol","status":"publish","type":"post","link":"https:\/\/archive.sana.sy\/es\/?p=159749","title":{"rendered":"La milicia FDS secuestr\u00f3 a tres mujeres del campamento Al-Hol"},"content":{"rendered":"<p style=\"text-align: justify;\"><span style=\"color: #800000;\"><strong>Hasakeh, SANA<\/strong><\/span><\/p>\n<p style=\"text-align: justify;\">Los armados de la autoproclamada milicia Fuerzas Democr\u00e1ticas Sirias (FDS) respaldada por la ocupaci\u00f3n estadounidense, contin\u00faan sus cr\u00edmenes contra los residentes del campamento al-Hol en la provincia de Hasakeh, donde secuestraron a tres mujeres y las llevaron a un destino desconocido.<\/p>\n<p style=\"text-align: justify;\">Fuentes locales indicaron al corresponsal de SANA que armados de la milicia FDS allanaron una parte de Al-Hol y secuestraron a tres mujeres y las llevaron a punta de pistola a un destino desconocido.<\/p>\n<p style=\"text-align: justify;\">El mi\u00e9rcoles pasado, la milicia FDS lanz\u00f3 una campa\u00f1a de redadas dentro de Al-Hol y secuestr\u00f3 a varios de sus residentes, incluidas mujeres.<\/p>\n<p style=\"text-align: justify;\"><strong><span style=\"color: #0000ff;\">ed\/fm\u00a0<\/span><\/strong><\/p>\n","protected":false},"excerpt":{"rendered":"<p>Hasakeh, SANA Los armados de la autoproclamada milicia Fuerzas Democr\u00e1ticas Sirias (FDS) respaldada por la ocupaci\u00f3n estadounidense, contin\u00faan sus cr\u00edmenes contra los residentes del campamento al-Hol en la provincia de Hasakeh, donde secuestraron a tres mujeres y las llevaron a un destino desconocido. Fuentes locales indicaron al corresponsal de SANA que armados de la milicia &hellip;<\/p>\n","protected":false},"author":32,"featured_media":159750,"comment_status":"closed","ping_status":"closed","sticky":false,"template":"","format":"standard","meta":{"footnotes":""},"categories":[447,477,597,573,476],"tags":[],"class_list":["post-159749","post","type-post","status-publish","format-standard","has-post-thumbnail","","category-local-politica","category-noticias-edulcorantes","category-cinta-de-noticias","category-la-realidad-de-los-acontecimientos-en-siria","category-locales"],"_links":{"self":[{"href":"https:\/\/archive.sana.sy\/es\/index.php?rest_route=\/wp\/v2\/posts\/159749"}],"collection":[{"href":"https:\/\/archive.sana.sy\/es\/index.php?rest_route=\/wp\/v2\/posts"}],"about":[{"href":"https:\/\/archive.sana.sy\/es\/index.php?rest_route=\/wp\/v2\/types\/post"}],"author":[{"embeddable":true,"href":"https:\/\/archive.sana.sy\/es\/index.php?rest_route=\/wp\/v2\/users\/32"}],"replies":[{"embeddable":true,"href":"https:\/\/archive.sana.sy\/es\/index.php?rest_route=%2Fwp%2Fv2%2Fcomments&post=159749"}],"version-history":[{"count":0,"href":"https:\/\/archive.sana.sy\/es\/index.php?rest_route=\/wp\/v2\/posts\/159749\/revisions"}],"wp:featuredmedia":[{"embeddable":true,"href":"https:\/\/archive.sana.sy\/es\/index.php?rest_route=\/wp\/v2\/media\/159750"}],"wp:attachment":[{"href":"https:\/\/archive.sana.sy\/es\/index.php?rest_route=%2Fwp%2Fv2%2Fmedia&parent=159749"}],"wp:term":[{"taxonomy":"category","embeddable":true,"href":"https:\/\/archive.sana.sy\/es\/index.php?rest_route=%2Fwp%2Fv2%2Fcategories&post=159749"},{"taxonomy":"post_tag","embeddable":true,"href":"https:\/\/archive.sana.sy\/es\/index.php?rest_route=%2Fwp%2Fv2%2Ftags&post=159749"}],"curies":[{"name":"wp","href":"https:\/\/api.w.org\/{rel}","templated":true}]}}