{"id":159752,"date":"2020-11-16T16:44:54","date_gmt":"2020-11-16T14:44:54","guid":{"rendered":"http:\/\/107.6.182.27\/es\/?p=159752"},"modified":"2020-11-16T18:20:36","modified_gmt":"2020-11-16T16:20:36","slug":"siria-e-india-repasan-vias-de-impulsar-la-cooperacion-bilateral-en-varios-campos","status":"publish","type":"post","link":"https:\/\/archive.sana.sy\/es\/?p=159752","title":{"rendered":"Siria e India repasan v\u00edas de impulsar la cooperaci\u00f3n bilateral en varios campos"},"content":{"rendered":"<p style=\"text-align: justify;\"><span style=\"color: #800000;\"><strong>Damasco, SANA<\/strong><\/span><\/p>\n<p style=\"text-align: justify;\">El Primer Ministro, Hussein Arnous, abord\u00f3 con el Embajador de India en Damasco, Hafez al-Rahman, el fortalecimiento de la cooperaci\u00f3n bilateral en los campos de la industria, la electricidad y la ciencia, y tambi\u00e9n en el desarrollo de capacidades, el gobierno electr\u00f3nico, la educaci\u00f3n a distancia y las pr\u00f3tesis.<\/p>\n<p style=\"text-align: justify;\">Durante el encuentro, Arnous dijo que Siria ve a India como un socio estrat\u00e9gico, y enfatiz\u00f3 la necesidad de activar los memorandos de entendimiento y f\u00f3rmulas de cooperaci\u00f3n firmados entre las dos partes y trabajar para firmar nuevos acuerdos y avanzar en su implementaci\u00f3n por el inter\u00e9s com\u00fan de los dos pa\u00edses y pueblos amigos.<\/p>\n<p style=\"text-align: justify;\">El jefe del Ejecutivo hizo un llamado a los actores econ\u00f3micos e industriales de la India para que visiten a Siria y explorar las oportunidades de inversi\u00f3n.<\/p>\n<p style=\"text-align: justify;\">\u201cSiria aprecia las posturas de los pa\u00edses que la apoyaron y le brindaron apoyo durante su confrontaci\u00f3n al terrorismo, y ellos tendr\u00e1n prioridad en la reconstrucci\u00f3n\u201d, afirm\u00f3.<\/p>\n<p style=\"text-align: justify;\">A su vez, el embajador indio, en nombre del gobierno de su pa\u00eds, ofreci\u00f3 sus condolencias al gobierno sirio por el fallecimiento del viceprimer ministro, ministro de Exteriores y Expatriados, Walid al-Moallem.<\/p>\n<p style=\"text-align: justify;\">Reiter\u00f3 el compromiso de su pa\u00eds con apoyar a Siria, en t\u00e9rminos de asistencia humanitaria y en los proyectos de inversi\u00f3n conjuntos.<\/p>\n<p style=\"text-align: justify;\"><strong><span style=\"color: #0000ff;\">fm\/ed<\/span><\/strong><\/p>\n","protected":false},"excerpt":{"rendered":"<p>Damasco, SANA El Primer Ministro, Hussein Arnous, abord\u00f3 con el Embajador de India en Damasco, Hafez al-Rahman, el fortalecimiento de la cooperaci\u00f3n bilateral en los campos de la industria, la electricidad y la ciencia, y tambi\u00e9n en el desarrollo de capacidades, el gobierno electr\u00f3nico, la educaci\u00f3n a distancia y las pr\u00f3tesis. Durante el encuentro, Arnous &hellip;<\/p>\n","protected":false},"author":32,"featured_media":159753,"comment_status":"closed","ping_status":"closed","sticky":false,"template":"","format":"standard","meta":{"footnotes":""},"categories":[477,597,476,467,7541],"tags":[],"class_list":["post-159752","post","type-post","status-publish","format-standard","has-post-thumbnail","","category-noticias-edulcorantes","category-cinta-de-noticias","category-locales","category-siria-y-el-mundo","category-ultimas-noticias"],"_links":{"self":[{"href":"https:\/\/archive.sana.sy\/es\/index.php?rest_route=\/wp\/v2\/posts\/159752"}],"collection":[{"href":"https:\/\/archive.sana.sy\/es\/index.php?rest_route=\/wp\/v2\/posts"}],"about":[{"href":"https:\/\/archive.sana.sy\/es\/index.php?rest_route=\/wp\/v2\/types\/post"}],"author":[{"embeddable":true,"href":"https:\/\/archive.sana.sy\/es\/index.php?rest_route=\/wp\/v2\/users\/32"}],"replies":[{"embeddable":true,"href":"https:\/\/archive.sana.sy\/es\/index.php?rest_route=%2Fwp%2Fv2%2Fcomments&post=159752"}],"version-history":[{"count":0,"href":"https:\/\/archive.sana.sy\/es\/index.php?rest_route=\/wp\/v2\/posts\/159752\/revisions"}],"wp:featuredmedia":[{"embeddable":true,"href":"https:\/\/archive.sana.sy\/es\/index.php?rest_route=\/wp\/v2\/media\/159753"}],"wp:attachment":[{"href":"https:\/\/archive.sana.sy\/es\/index.php?rest_route=%2Fwp%2Fv2%2Fmedia&parent=159752"}],"wp:term":[{"taxonomy":"category","embeddable":true,"href":"https:\/\/archive.sana.sy\/es\/index.php?rest_route=%2Fwp%2Fv2%2Fcategories&post=159752"},{"taxonomy":"post_tag","embeddable":true,"href":"https:\/\/archive.sana.sy\/es\/index.php?rest_route=%2Fwp%2Fv2%2Ftags&post=159752"}],"curies":[{"name":"wp","href":"https:\/\/api.w.org\/{rel}","templated":true}]}}