{"id":159842,"date":"2020-11-17T17:39:38","date_gmt":"2020-11-17T15:39:38","guid":{"rendered":"http:\/\/107.6.182.27\/es\/?p=159842"},"modified":"2020-11-17T17:45:31","modified_gmt":"2020-11-17T15:45:31","slug":"vecinos-de-qamishli-exigen-retirada-inmediata-de-las-tropas-ocupantes-turcas-y-estadounidenses","status":"publish","type":"post","link":"https:\/\/archive.sana.sy\/es\/?p=159842","title":{"rendered":"Vecinos de Qamishli exigen retirada inmediata de las tropas ocupantes turcas y estadounidenses"},"content":{"rendered":"<p style=\"text-align: justify\"><span style=\"color: #800000\">Hasakeh, SANA<\/span><\/p>\n<p style=\"text-align: justify\">Habitantes y estudiantes de la ciudad de Qamishli en el noreste sirio, se congregaron este martes frente al Centro Cultural \u00c1rabe para expresar su rotundo rechazo a la presencia de las tropas ocupantes de EEUU y Turqu\u00eda en el suelo de su provincia, Hasakeh.<\/p>\n<p><a href=\"http:\/\/107.6.182.27\/es\/wp-content\/uploads\/2020\/11\/photo_2020-11-17_10-28-35.jpg\"><img loading=\"lazy\" decoding=\"async\" class=\"size-medium wp-image-159849 alignleft\" src=\"http:\/\/107.6.182.27\/es\/wp-content\/uploads\/2020\/11\/photo_2020-11-17_10-28-35-300x150.jpg\" alt=\"\" width=\"300\" height=\"150\" srcset=\"https:\/\/archive.sana.sy\/es\/wp-content\/uploads\/2020\/11\/photo_2020-11-17_10-28-35-300x150.jpg 300w, https:\/\/archive.sana.sy\/es\/wp-content\/uploads\/2020\/11\/photo_2020-11-17_10-28-35-150x75.jpg 150w, https:\/\/archive.sana.sy\/es\/wp-content\/uploads\/2020\/11\/photo_2020-11-17_10-28-35.jpg 660w\" sizes=\"(max-width: 300px) 100vw, 300px\" \/><\/a><\/p>\n<p style=\"text-align: justify\">Los protagonistas de este evento, celebrado con motivo del aniversario del Movimiento de Rectificaci\u00f3n, corearon consignas que exigen la retirada inmediata de las fuerzas ocupantes de la regi\u00f3n siria de Yazira, las cuales est\u00e1n saqueando descaradamente la riqueza y recursos de la provincia de Hasakeh.<\/p>\n<p style=\"text-align: justify\">Asimismo, expresaron su confianza en la pronta derrota de los usurpadores a manos de los h\u00e9roes del Ej\u00e9rcito sirio.<\/p>\n<p>&nbsp;<\/p>\n<p style=\"text-align: justify\"><span style=\"color: #0000ff\"><em>la<\/em><\/span><\/p>\n<p>&nbsp;<\/p>\n<p>&nbsp;<\/p>\n<div id='gallery-1' class='gallery galleryid-159842 gallery-columns-1 gallery-size-large'><figure class='gallery-item'>\n\t\t\t<div class='gallery-icon landscape'>\n\t\t\t\t<a href='https:\/\/archive.sana.sy\/es\/wp-content\/uploads\/2020\/11\/photo_2020-11-17_10-54-51-scaled.jpg'><img loading=\"lazy\" decoding=\"async\" width=\"618\" height=\"407\" src=\"https:\/\/archive.sana.sy\/es\/wp-content\/uploads\/2020\/11\/photo_2020-11-17_10-54-51-1024x674.jpg\" class=\"attachment-large size-large\" alt=\"\" srcset=\"https:\/\/archive.sana.sy\/es\/wp-content\/uploads\/2020\/11\/photo_2020-11-17_10-54-51-1024x674.jpg 1024w, https:\/\/archive.sana.sy\/es\/wp-content\/uploads\/2020\/11\/photo_2020-11-17_10-54-51-300x197.jpg 300w, https:\/\/archive.sana.sy\/es\/wp-content\/uploads\/2020\/11\/photo_2020-11-17_10-54-51-150x99.jpg 150w, https:\/\/archive.sana.sy\/es\/wp-content\/uploads\/2020\/11\/photo_2020-11-17_10-54-51-768x505.jpg 768w, https:\/\/archive.sana.sy\/es\/wp-content\/uploads\/2020\/11\/photo_2020-11-17_10-54-51-1536x1011.jpg 1536w, https:\/\/archive.sana.sy\/es\/wp-content\/uploads\/2020\/11\/photo_2020-11-17_10-54-51-2048x1348.jpg 2048w, https:\/\/archive.sana.sy\/es\/wp-content\/uploads\/2020\/11\/photo_2020-11-17_10-54-51-310x205.jpg 310w\" sizes=\"(max-width: 618px) 100vw, 618px\" \/><\/a>\n\t\t\t<\/div><\/figure>\n\t\t<\/div>\n\n","protected":false},"excerpt":{"rendered":"<p>Hasakeh, SANA Habitantes y estudiantes de la ciudad de Qamishli en el noreste sirio, se congregaron este martes frente al Centro Cultural \u00c1rabe para expresar su rotundo rechazo a la presencia de las tropas ocupantes de EEUU y Turqu\u00eda en el suelo de su provincia, Hasakeh. Los protagonistas de este evento, celebrado con motivo del &hellip;<\/p>\n","protected":false},"author":24,"featured_media":159843,"comment_status":"closed","ping_status":"closed","sticky":false,"template":"","format":"standard","meta":{"footnotes":""},"categories":[597,476,7541],"tags":[],"class_list":["post-159842","post","type-post","status-publish","format-standard","has-post-thumbnail","","category-cinta-de-noticias","category-locales","category-ultimas-noticias"],"_links":{"self":[{"href":"https:\/\/archive.sana.sy\/es\/index.php?rest_route=\/wp\/v2\/posts\/159842"}],"collection":[{"href":"https:\/\/archive.sana.sy\/es\/index.php?rest_route=\/wp\/v2\/posts"}],"about":[{"href":"https:\/\/archive.sana.sy\/es\/index.php?rest_route=\/wp\/v2\/types\/post"}],"author":[{"embeddable":true,"href":"https:\/\/archive.sana.sy\/es\/index.php?rest_route=\/wp\/v2\/users\/24"}],"replies":[{"embeddable":true,"href":"https:\/\/archive.sana.sy\/es\/index.php?rest_route=%2Fwp%2Fv2%2Fcomments&post=159842"}],"version-history":[{"count":0,"href":"https:\/\/archive.sana.sy\/es\/index.php?rest_route=\/wp\/v2\/posts\/159842\/revisions"}],"wp:featuredmedia":[{"embeddable":true,"href":"https:\/\/archive.sana.sy\/es\/index.php?rest_route=\/wp\/v2\/media\/159843"}],"wp:attachment":[{"href":"https:\/\/archive.sana.sy\/es\/index.php?rest_route=%2Fwp%2Fv2%2Fmedia&parent=159842"}],"wp:term":[{"taxonomy":"category","embeddable":true,"href":"https:\/\/archive.sana.sy\/es\/index.php?rest_route=%2Fwp%2Fv2%2Fcategories&post=159842"},{"taxonomy":"post_tag","embeddable":true,"href":"https:\/\/archive.sana.sy\/es\/index.php?rest_route=%2Fwp%2Fv2%2Ftags&post=159842"}],"curies":[{"name":"wp","href":"https:\/\/api.w.org\/{rel}","templated":true}]}}