{"id":159851,"date":"2020-11-17T18:29:09","date_gmt":"2020-11-17T16:29:09","guid":{"rendered":"http:\/\/107.6.182.27\/es\/?p=159851"},"modified":"2020-11-17T18:29:09","modified_gmt":"2020-11-17T16:29:09","slug":"consejo-de-ministros-al-moallem-fue-un-ejemplo-a-seguir-por-su-lealtad-a-la-patria","status":"publish","type":"post","link":"https:\/\/archive.sana.sy\/es\/?p=159851","title":{"rendered":"Consejo de Ministros: al-Moallem fue un ejemplo a seguir por su lealtad a la patria"},"content":{"rendered":"<p style=\"text-align: justify\"><span style=\"color: #800000\">Damasco, SANA<\/span><\/p>\n<p style=\"text-align: justify\">El Consejo de Ministros expres\u00f3 su profundo pesar por la partida f\u00edsica del Viceprimer Ministro y Ministro de Relaciones Exteriores y Expatriados, Walid al-Moallem.<\/p>\n<p style=\"text-align: justify\">Durante su sesi\u00f3n semanal, el Gabinete destac\u00f3 que el canciller al-Moallem fue un defensor de la soberan\u00eda, independencia, integridad territorial y decisi\u00f3n nacional independiente de Siria en las instancias tanto regionales como internacionales, as\u00ed como una figura que se aferr\u00f3 a sus principios nacionales y a la voluntad de trabajar hasta los \u00faltimos momentos de su vida.<\/p>\n<p style=\"text-align: justify\">\u201cEl difunto ministro al-Moallem fue un ejemplo a seguir por su lealtad a la patria y a servir a sus connacionales\u201d, enfatiz\u00f3.<\/p>\n<p style=\"text-align: justify\">El Gabinete debati\u00f3 una serie de asuntos de inter\u00e9s p\u00fablico, y decidi\u00f3 formar un grupo de acci\u00f3n ministerial para dar seguimiento a las recomendaciones y decisiones tomadas durante la Conferencia Internacional sobre el Retorno de los Refugiados sirios, que se celebr\u00f3 la semana pasada.<\/p>\n<p style=\"text-align: justify\">Asimismo, destac\u00f3 la necesidad de que se presenten informes peri\u00f3dicos sobre las \u00e1reas cultivadas con trigo durante la temporada actual en cada provincia, y de redoblar esfuerzos para responder a las necesidades del cultivo de la temporada de trigo.<\/p>\n<p style=\"text-align: justify\"><span style=\"color: #0000ff\"><em>la<\/em><\/span><\/p>\n","protected":false},"excerpt":{"rendered":"<p>Damasco, SANA El Consejo de Ministros expres\u00f3 su profundo pesar por la partida f\u00edsica del Viceprimer Ministro y Ministro de Relaciones Exteriores y Expatriados, Walid al-Moallem. Durante su sesi\u00f3n semanal, el Gabinete destac\u00f3 que el canciller al-Moallem fue un defensor de la soberan\u00eda, independencia, integridad territorial y decisi\u00f3n nacional independiente de Siria en las instancias &hellip;<\/p>\n","protected":false},"author":24,"featured_media":159852,"comment_status":"closed","ping_status":"closed","sticky":false,"template":"","format":"standard","meta":{"footnotes":""},"categories":[597,476,7541],"tags":[],"class_list":["post-159851","post","type-post","status-publish","format-standard","has-post-thumbnail","","category-cinta-de-noticias","category-locales","category-ultimas-noticias"],"_links":{"self":[{"href":"https:\/\/archive.sana.sy\/es\/index.php?rest_route=\/wp\/v2\/posts\/159851"}],"collection":[{"href":"https:\/\/archive.sana.sy\/es\/index.php?rest_route=\/wp\/v2\/posts"}],"about":[{"href":"https:\/\/archive.sana.sy\/es\/index.php?rest_route=\/wp\/v2\/types\/post"}],"author":[{"embeddable":true,"href":"https:\/\/archive.sana.sy\/es\/index.php?rest_route=\/wp\/v2\/users\/24"}],"replies":[{"embeddable":true,"href":"https:\/\/archive.sana.sy\/es\/index.php?rest_route=%2Fwp%2Fv2%2Fcomments&post=159851"}],"version-history":[{"count":0,"href":"https:\/\/archive.sana.sy\/es\/index.php?rest_route=\/wp\/v2\/posts\/159851\/revisions"}],"wp:featuredmedia":[{"embeddable":true,"href":"https:\/\/archive.sana.sy\/es\/index.php?rest_route=\/wp\/v2\/media\/159852"}],"wp:attachment":[{"href":"https:\/\/archive.sana.sy\/es\/index.php?rest_route=%2Fwp%2Fv2%2Fmedia&parent=159851"}],"wp:term":[{"taxonomy":"category","embeddable":true,"href":"https:\/\/archive.sana.sy\/es\/index.php?rest_route=%2Fwp%2Fv2%2Fcategories&post=159851"},{"taxonomy":"post_tag","embeddable":true,"href":"https:\/\/archive.sana.sy\/es\/index.php?rest_route=%2Fwp%2Fv2%2Ftags&post=159851"}],"curies":[{"name":"wp","href":"https:\/\/api.w.org\/{rel}","templated":true}]}}