{"id":159863,"date":"2020-11-17T20:17:50","date_gmt":"2020-11-17T18:17:50","guid":{"rendered":"http:\/\/107.6.182.27\/es\/?p=159863"},"modified":"2020-11-18T16:56:47","modified_gmt":"2020-11-18T14:56:47","slug":"lideres-y-movimientos-politicos-extienden-condolencias-al-presidente-al-assad-por-partida-fisica-del-ministro-al-moallem","status":"publish","type":"post","link":"https:\/\/archive.sana.sy\/es\/?p=159863","title":{"rendered":"L\u00edderes y movimientos pol\u00edticos extienden condolencias al presidente al-Assad por partida f\u00edsica del ministro al-Moallem"},"content":{"rendered":"<p style=\"text-align: justify\"><span style=\"color: #800000\">Damasco, SANA<\/span><\/p>\n<p style=\"text-align: justify\">El presidente, Bashar al-Assad, recibi\u00f3 hoy el martes varios telegramas de condolencias por la partida f\u00edsica del viceprimer ministro y ministro de Relaciones Exteriores y Expatriados, Walid al-Moallem.<\/p>\n<p style=\"text-align: justify\">El asesor del L\u00edder de la Revoluci\u00f3n Isl\u00e1mica de Ir\u00e1n, Ali Lariyani, expres\u00f3 su profundo p\u00e9same, y resalt\u00f3 el papel que desempe\u00f1\u00f3 el jefe de la diplomacia siria en materia de la lucha contra el terrorismo takfirista y la consolidaci\u00f3n de la seguridad de la regi\u00f3n.<\/p>\n<p style=\"text-align: justify\">Por su parte, el presidente del Partido Patri\u00f3tico Turco, Do\u011fu Perin\u00e7ek, describi\u00f3 al fallecido como \u201cun hombre de Estado experto y una figura excepcional, as\u00ed como un querido amigo del pueblo turco y de la Rep\u00fablica Turca\u201d.<\/p>\n<p style=\"text-align: justify\">A su vez, el secretario general de la Conferencia General de Partidos \u00c1rabes, Qassem Saleh, se\u00f1al\u00f3 que el mundo \u00e1rabe ha perdido una eminente personalidad en la historia pol\u00edtica y diplom\u00e1tica de Siria y uno de los pilares de la resistencia siria.<\/p>\n<p style=\"text-align: justify\">El secretario general del Movimiento de Lucha Nacional de T\u00fanez, Munji Maqni, consider\u00f3 que al-Moallem era un gran s\u00edmbolo de las posturas patri\u00f3ticas dignas, el cual tuvo el honor de liderar la diplomacia siria en el per\u00edodo m\u00e1s dif\u00edcil que ha atravesado Siria.<\/p>\n<p style=\"text-align: justify\">Asimismo, el Frente de Acci\u00f3n Isl\u00e1mica del L\u00edbano, el jefe del Consejo Isl\u00e1mico Shi\u00edta Supremo en el L\u00edbano, Sheikh Abdul Amir, y el Secretario General del Movimiento de Yihad Isl\u00e1mico en Palestina, Ziyad al-Nakhalah, extendieron al presidente al-Assad sus m\u00e1s sentidas palabras de condolencias, y se\u00f1alaron que el fallecimiento de al-Moallem es una p\u00e9rdida no s\u00f3lo para Siria sino tambi\u00e9n para toda la regi\u00f3n.<\/p>\n<p style=\"text-align: justify\">A su vez, el ministro de Relaciones Exteriores de Rusia, Sergey Lavrov, describi\u00f3 al difunto viceprimer ministro y ministro de Relaciones Exteriores y Expatriados, Walid al-Moallem, como un profesional de alto rango con talento diplom\u00e1tico y leal a su pa\u00eds, agregando que el difunto era un amigo cercano de \u00e9l, el pueblo ruso, y todos los diplom\u00e1ticos rusos que trabajaban en el Medio Oriente lo conoc\u00edan y conoc\u00edan su talento y capacidades diplom\u00e1ticas.<\/p>\n<p style=\"text-align: justify\">Por su parte, el ministro de Relaciones Exteriores de Corea del Norte, Ri Son Gwon, expres\u00f3 sus condolencias y profundo pesar por la fallecimiento del viceprimer ministro y ministro de Relaciones Exteriores y Expatriados, Walid al-Moallem.<\/p>\n<p style=\"text-align: justify\">\u201cAgradecemos los esfuerzos realizados por al-Moallem para desarrollar las relaciones bilaterales entre nuestros dos pa\u00edses, y nunca lo olvidaremos\u201d, dijo el canciller norcoreano.<\/p>\n<p style=\"text-align: justify\">Asimismo, el viceprimer ministro y Ministro de Relaciones Exteriores y Asuntos de Expatriados de Jordania Ayman Safadi, durante una conversaci\u00f3n telef\u00f3nica con el viceministro de Relaciones Exteriores y Expatriados, Dr. Faisal Al-Miqdad, expres\u00f3 el p\u00e9same de Jordania por la partida del viceprimer ministro y ministro de Relaciones Exteriores y Expatriados, Walid al-Moallem.<\/p>\n<p>&nbsp;<\/p>\n<p style=\"text-align: justify\"><span style=\"color: #0000ff\"><em>la\/ mm<\/em><\/span><\/p>\n","protected":false},"excerpt":{"rendered":"<p>Damasco, SANA El presidente, Bashar al-Assad, recibi\u00f3 hoy el martes varios telegramas de condolencias por la partida f\u00edsica del viceprimer ministro y ministro de Relaciones Exteriores y Expatriados, Walid al-Moallem. El asesor del L\u00edder de la Revoluci\u00f3n Isl\u00e1mica de Ir\u00e1n, Ali Lariyani, expres\u00f3 su profundo p\u00e9same, y resalt\u00f3 el papel que desempe\u00f1\u00f3 el jefe de &hellip;<\/p>\n","protected":false},"author":24,"featured_media":159864,"comment_status":"closed","ping_status":"closed","sticky":false,"template":"","format":"standard","meta":{"footnotes":""},"categories":[597,16237,467,583,626],"tags":[],"class_list":["post-159863","post","type-post","status-publish","format-standard","has-post-thumbnail","","category-cinta-de-noticias","category-presidence-de-la-republique-arabe-syria","category-siria-y-el-mundo","category-slide","category-sr-presidente"],"_links":{"self":[{"href":"https:\/\/archive.sana.sy\/es\/index.php?rest_route=\/wp\/v2\/posts\/159863"}],"collection":[{"href":"https:\/\/archive.sana.sy\/es\/index.php?rest_route=\/wp\/v2\/posts"}],"about":[{"href":"https:\/\/archive.sana.sy\/es\/index.php?rest_route=\/wp\/v2\/types\/post"}],"author":[{"embeddable":true,"href":"https:\/\/archive.sana.sy\/es\/index.php?rest_route=\/wp\/v2\/users\/24"}],"replies":[{"embeddable":true,"href":"https:\/\/archive.sana.sy\/es\/index.php?rest_route=%2Fwp%2Fv2%2Fcomments&post=159863"}],"version-history":[{"count":0,"href":"https:\/\/archive.sana.sy\/es\/index.php?rest_route=\/wp\/v2\/posts\/159863\/revisions"}],"wp:featuredmedia":[{"embeddable":true,"href":"https:\/\/archive.sana.sy\/es\/index.php?rest_route=\/wp\/v2\/media\/159864"}],"wp:attachment":[{"href":"https:\/\/archive.sana.sy\/es\/index.php?rest_route=%2Fwp%2Fv2%2Fmedia&parent=159863"}],"wp:term":[{"taxonomy":"category","embeddable":true,"href":"https:\/\/archive.sana.sy\/es\/index.php?rest_route=%2Fwp%2Fv2%2Fcategories&post=159863"},{"taxonomy":"post_tag","embeddable":true,"href":"https:\/\/archive.sana.sy\/es\/index.php?rest_route=%2Fwp%2Fv2%2Ftags&post=159863"}],"curies":[{"name":"wp","href":"https:\/\/api.w.org\/{rel}","templated":true}]}}