{"id":159866,"date":"2020-11-17T21:00:30","date_gmt":"2020-11-17T19:00:30","guid":{"rendered":"http:\/\/107.6.182.27\/es\/?p=159866"},"modified":"2020-11-17T21:01:56","modified_gmt":"2020-11-17T19:01:56","slug":"el-ministerio-de-defensa-ruso-y-la-cruz-roja-discuten-la-situacion-humanitaria-en-siria","status":"publish","type":"post","link":"https:\/\/archive.sana.sy\/es\/?p=159866","title":{"rendered":"El Ministerio de Defensa ruso y la Cruz Roja discuten la situaci\u00f3n humanitaria en Siria"},"content":{"rendered":"<p><span style=\"color: #800000;\">Mosc\u00fa, SANA<\/span><\/p>\n<p style=\"text-align: justify;\">El Viceministro de defensa ruso, coronel general Alexander Fomin, discuti\u00f3 con el presidente del Comit\u00e9 Internacional de la Cruz Roja (CICR), Peter Maurer, la situaci\u00f3n humanitaria en Siria y la regi\u00f3n de Karabaj en el sur del C\u00e1ucaso, seg\u00fan comunic\u00f3 el ministerio de Defensa ruso en un comunicado.<\/p>\n<p style=\"text-align: justify;\">&#8220;las conversaciones abordaron la situaci\u00f3n humanitaria en Siria, Nagorno-Karabaj, la lucha contra la propagaci\u00f3n de la pandemia del coronavirus y las perspectivas de cooperaci\u00f3n entre ellos&#8221;, se lee en el comunicado.<\/p>\n<p style=\"text-align: justify;\">Seg\u00fan la nota, ambas partes reiteran su inter\u00e9s en continuar el di\u00e1logo y desarrollar la interacci\u00f3n en el contexto de brindar ayuda humanitaria a la poblaci\u00f3n civil en \u00e1reas de crisis en el mundo.<\/p>\n<p><em>mm<\/em><\/p>\n","protected":false},"excerpt":{"rendered":"<p>Mosc\u00fa, SANA El Viceministro de defensa ruso, coronel general Alexander Fomin, discuti\u00f3 con el presidente del Comit\u00e9 Internacional de la Cruz Roja (CICR), Peter Maurer, la situaci\u00f3n humanitaria en Siria y la regi\u00f3n de Karabaj en el sur del C\u00e1ucaso, seg\u00fan comunic\u00f3 el ministerio de Defensa ruso en un comunicado. &#8220;las conversaciones abordaron la situaci\u00f3n &hellip;<\/p>\n","protected":false},"author":36,"featured_media":159867,"comment_status":"closed","ping_status":"closed","sticky":false,"template":"","format":"standard","meta":{"footnotes":""},"categories":[597,467],"tags":[],"class_list":["post-159866","post","type-post","status-publish","format-standard","has-post-thumbnail","","category-cinta-de-noticias","category-siria-y-el-mundo"],"_links":{"self":[{"href":"https:\/\/archive.sana.sy\/es\/index.php?rest_route=\/wp\/v2\/posts\/159866"}],"collection":[{"href":"https:\/\/archive.sana.sy\/es\/index.php?rest_route=\/wp\/v2\/posts"}],"about":[{"href":"https:\/\/archive.sana.sy\/es\/index.php?rest_route=\/wp\/v2\/types\/post"}],"author":[{"embeddable":true,"href":"https:\/\/archive.sana.sy\/es\/index.php?rest_route=\/wp\/v2\/users\/36"}],"replies":[{"embeddable":true,"href":"https:\/\/archive.sana.sy\/es\/index.php?rest_route=%2Fwp%2Fv2%2Fcomments&post=159866"}],"version-history":[{"count":0,"href":"https:\/\/archive.sana.sy\/es\/index.php?rest_route=\/wp\/v2\/posts\/159866\/revisions"}],"wp:featuredmedia":[{"embeddable":true,"href":"https:\/\/archive.sana.sy\/es\/index.php?rest_route=\/wp\/v2\/media\/159867"}],"wp:attachment":[{"href":"https:\/\/archive.sana.sy\/es\/index.php?rest_route=%2Fwp%2Fv2%2Fmedia&parent=159866"}],"wp:term":[{"taxonomy":"category","embeddable":true,"href":"https:\/\/archive.sana.sy\/es\/index.php?rest_route=%2Fwp%2Fv2%2Fcategories&post=159866"},{"taxonomy":"post_tag","embeddable":true,"href":"https:\/\/archive.sana.sy\/es\/index.php?rest_route=%2Fwp%2Fv2%2Ftags&post=159866"}],"curies":[{"name":"wp","href":"https:\/\/api.w.org\/{rel}","templated":true}]}}