{"id":159870,"date":"2020-11-17T21:11:58","date_gmt":"2020-11-17T19:11:58","guid":{"rendered":"http:\/\/107.6.182.27\/es\/?p=159870"},"modified":"2023-01-12T14:42:39","modified_gmt":"2023-01-12T12:42:39","slug":"el-libano-reporta-12-muertes-y-1507-nuevos-contagios-por-covid-19","status":"publish","type":"post","link":"https:\/\/archive.sana.sy\/es\/?p=159870","title":{"rendered":"El L\u00edbano reporta 12 muertes y 1507 nuevos contagios por Covid-19"},"content":{"rendered":"<p><span style=\"color: #800000;\">Beirut, SANA<\/span><\/p>\n<p style=\"text-align: justify;\">El Ministerio de Salud P\u00fablica liban\u00e9s registr\u00f3 este martes 1507 nuevas infecciones y 12 fallecimientos por coronavirus durante las \u00faltimas 24 horas.<\/p>\n<p style=\"text-align: justify;\">El ente de salud liban\u00e9s se\u00f1al\u00f3 en su informe de hoy que la cifra total de casos confirmados en el L\u00edbano desde el pasado 21 de febrero hasta la fecha ha llegado a 107953 casos, y el n\u00famero de muertes se ha elevado a 839 casos.<\/p>\n<p><em>mm<\/em><\/p>\n","protected":false},"excerpt":{"rendered":"<p>Beirut, SANA El Ministerio de Salud P\u00fablica liban\u00e9s registr\u00f3 este martes 1507 nuevas infecciones y 12 fallecimientos por coronavirus durante las \u00faltimas 24 horas. El ente de salud liban\u00e9s se\u00f1al\u00f3 en su informe de hoy que la cifra total de casos confirmados en el L\u00edbano desde el pasado 21 de febrero hasta la fecha ha &hellip;<\/p>\n","protected":false},"author":36,"featured_media":159871,"comment_status":"closed","ping_status":"closed","sticky":false,"template":"","format":"standard","meta":{"footnotes":""},"categories":[597,456,457],"tags":[],"class_list":["post-159870","post","type-post","status-publish","format-standard","has-post-thumbnail","","category-cinta-de-noticias","category-arabe-internacional-politica","category-noticias-arabe-internacional-politica"],"_links":{"self":[{"href":"https:\/\/archive.sana.sy\/es\/index.php?rest_route=\/wp\/v2\/posts\/159870"}],"collection":[{"href":"https:\/\/archive.sana.sy\/es\/index.php?rest_route=\/wp\/v2\/posts"}],"about":[{"href":"https:\/\/archive.sana.sy\/es\/index.php?rest_route=\/wp\/v2\/types\/post"}],"author":[{"embeddable":true,"href":"https:\/\/archive.sana.sy\/es\/index.php?rest_route=\/wp\/v2\/users\/36"}],"replies":[{"embeddable":true,"href":"https:\/\/archive.sana.sy\/es\/index.php?rest_route=%2Fwp%2Fv2%2Fcomments&post=159870"}],"version-history":[{"count":0,"href":"https:\/\/archive.sana.sy\/es\/index.php?rest_route=\/wp\/v2\/posts\/159870\/revisions"}],"wp:featuredmedia":[{"embeddable":true,"href":"https:\/\/archive.sana.sy\/es\/index.php?rest_route=\/wp\/v2\/media\/159871"}],"wp:attachment":[{"href":"https:\/\/archive.sana.sy\/es\/index.php?rest_route=%2Fwp%2Fv2%2Fmedia&parent=159870"}],"wp:term":[{"taxonomy":"category","embeddable":true,"href":"https:\/\/archive.sana.sy\/es\/index.php?rest_route=%2Fwp%2Fv2%2Fcategories&post=159870"},{"taxonomy":"post_tag","embeddable":true,"href":"https:\/\/archive.sana.sy\/es\/index.php?rest_route=%2Fwp%2Fv2%2Ftags&post=159870"}],"curies":[{"name":"wp","href":"https:\/\/api.w.org\/{rel}","templated":true}]}}