{"id":159940,"date":"2020-11-18T13:59:31","date_gmt":"2020-11-18T11:59:31","guid":{"rendered":"http:\/\/107.6.182.27\/es\/?p=159940"},"modified":"2020-11-18T15:33:27","modified_gmt":"2020-11-18T13:33:27","slug":"lavrov-y-pedersen-se-reunen-para-abordar-la-situacion-en-siria","status":"publish","type":"post","link":"https:\/\/archive.sana.sy\/es\/?p=159940","title":{"rendered":"Lavrov y Pedersen se re\u00fanen para abordar la situaci\u00f3n en Siria"},"content":{"rendered":"<p style=\"text-align: justify;\"><span style=\"color: #800000;\"><strong>Mosc\u00fa, SANA <\/strong><\/span><\/p>\n<p style=\"text-align: justify;\">El Ministerio de Exteriores ruso anunci\u00f3 que el canciller Sergei Lavrov sostendr\u00e1 conversaciones este jueves en Mosc\u00fa, con el enviado especial del Secretario General de la ONU a Siria, Geir Pedersen, las cuales abordar\u00e1n la situaci\u00f3n en Siria.<\/p>\n<p style=\"text-align: justify;\">La portavoz de la canciller\u00eda rusa Mar\u00eda Zajarova, declar\u00f3 a prensa, que Lavrov mantendr\u00e1 conversaciones el 19 de noviembre con Pedersen sobre el desarrollo de la situaci\u00f3n en Siria.<\/p>\n<p style=\"text-align: justify;\">En septiembre pasado, Pedersen visit\u00f3 Mosc\u00fa y mantuvo conversaciones con Lavrov sobre la situaci\u00f3n en Siria<\/p>\n<p style=\"text-align: justify;\"><strong><span style=\"color: #0000ff;\">ed\/fm<\/span><\/strong><\/p>\n","protected":false},"excerpt":{"rendered":"<p>Mosc\u00fa, SANA El Ministerio de Exteriores ruso anunci\u00f3 que el canciller Sergei Lavrov sostendr\u00e1 conversaciones este jueves en Mosc\u00fa, con el enviado especial del Secretario General de la ONU a Siria, Geir Pedersen, las cuales abordar\u00e1n la situaci\u00f3n en Siria. La portavoz de la canciller\u00eda rusa Mar\u00eda Zajarova, declar\u00f3 a prensa, que Lavrov mantendr\u00e1 conversaciones &hellip;<\/p>\n","protected":false},"author":32,"featured_media":159941,"comment_status":"closed","ping_status":"closed","sticky":false,"template":"","format":"standard","meta":{"footnotes":""},"categories":[597,467,7541],"tags":[],"class_list":["post-159940","post","type-post","status-publish","format-standard","has-post-thumbnail","","category-cinta-de-noticias","category-siria-y-el-mundo","category-ultimas-noticias"],"_links":{"self":[{"href":"https:\/\/archive.sana.sy\/es\/index.php?rest_route=\/wp\/v2\/posts\/159940"}],"collection":[{"href":"https:\/\/archive.sana.sy\/es\/index.php?rest_route=\/wp\/v2\/posts"}],"about":[{"href":"https:\/\/archive.sana.sy\/es\/index.php?rest_route=\/wp\/v2\/types\/post"}],"author":[{"embeddable":true,"href":"https:\/\/archive.sana.sy\/es\/index.php?rest_route=\/wp\/v2\/users\/32"}],"replies":[{"embeddable":true,"href":"https:\/\/archive.sana.sy\/es\/index.php?rest_route=%2Fwp%2Fv2%2Fcomments&post=159940"}],"version-history":[{"count":0,"href":"https:\/\/archive.sana.sy\/es\/index.php?rest_route=\/wp\/v2\/posts\/159940\/revisions"}],"wp:featuredmedia":[{"embeddable":true,"href":"https:\/\/archive.sana.sy\/es\/index.php?rest_route=\/wp\/v2\/media\/159941"}],"wp:attachment":[{"href":"https:\/\/archive.sana.sy\/es\/index.php?rest_route=%2Fwp%2Fv2%2Fmedia&parent=159940"}],"wp:term":[{"taxonomy":"category","embeddable":true,"href":"https:\/\/archive.sana.sy\/es\/index.php?rest_route=%2Fwp%2Fv2%2Fcategories&post=159940"},{"taxonomy":"post_tag","embeddable":true,"href":"https:\/\/archive.sana.sy\/es\/index.php?rest_route=%2Fwp%2Fv2%2Ftags&post=159940"}],"curies":[{"name":"wp","href":"https:\/\/api.w.org\/{rel}","templated":true}]}}