{"id":159971,"date":"2020-11-18T12:26:14","date_gmt":"2020-11-18T10:26:14","guid":{"rendered":"http:\/\/107.6.182.27\/es\/?p=159971"},"modified":"2023-01-10T15:38:22","modified_gmt":"2023-01-10T13:38:22","slug":"voluntarios-y-65-alumnos-llevan-a-cabo-iniciativa-para-reforestar-areas-afectadas-por-los-ultimos-incendios-en-latakia-fotos","status":"publish","type":"post","link":"https:\/\/archive.sana.sy\/es\/?p=159971","title":{"rendered":"Voluntarios y 65 alumnos llevan a cabo iniciativa para reforestar \u00e1reas afectadas por los \u00faltimos incendios en Latakia (+ fotos)"},"content":{"rendered":"<p style=\"text-align: justify;\"><span style=\"color: #800000;\">Latakia, SANA<\/span><\/p>\n<p style=\"text-align: justify;\">Los voluntarios del grupo \u201cViajeros Sirios para Amor y Paz\u201d junto con 65 alumnos y alumnas sembraron este martes 1000 plantones de pino en uno de los bosques del pueblo de Bsheili en la provincia de Latakia.<\/p>\n<p style=\"text-align: justify;\">Esta iniciativa llevada a cabo por sirios de diferentes provincias viene como respuesta a los incendios que devoraron amplias \u00e1reas de tierras agr\u00edcolas y forestales en la provincia costera.<\/p>\n<p style=\"text-align: justify;\">\u201cEstamos aqu\u00ed para decir que somos una sola mano en la reconstrucci\u00f3n de Siria y reforestaci\u00f3n de las tierras afectadas por los incendios\u201d, dijo Athor Izhak, una voluntaria de la provincia de Hasakeh.<\/p>\n<p><span style=\"color: #0000ff;\"><strong><em>la<\/em><\/strong><\/span><\/p>\n<div id='gallery-1' class='gallery galleryid-159971 gallery-columns-1 gallery-size-full'><figure class='gallery-item'>\n\t\t\t<div class='gallery-icon landscape'>\n\t\t\t\t<a href='https:\/\/archive.sana.sy\/es\/wp-content\/uploads\/2020\/11\/reforestacion-Latakia.jpg'><img loading=\"lazy\" decoding=\"async\" width=\"660\" height=\"442\" src=\"https:\/\/archive.sana.sy\/es\/wp-content\/uploads\/2020\/11\/reforestacion-Latakia.jpg\" class=\"attachment-full size-full\" alt=\"\" srcset=\"https:\/\/archive.sana.sy\/es\/wp-content\/uploads\/2020\/11\/reforestacion-Latakia.jpg 660w, https:\/\/archive.sana.sy\/es\/wp-content\/uploads\/2020\/11\/reforestacion-Latakia-300x201.jpg 300w, https:\/\/archive.sana.sy\/es\/wp-content\/uploads\/2020\/11\/reforestacion-Latakia-150x100.jpg 150w, https:\/\/archive.sana.sy\/es\/wp-content\/uploads\/2020\/11\/reforestacion-Latakia-110x75.jpg 110w\" sizes=\"(max-width: 660px) 100vw, 660px\" \/><\/a>\n\t\t\t<\/div><\/figure><figure class='gallery-item'>\n\t\t\t<div class='gallery-icon landscape'>\n\t\t\t\t<a href='https:\/\/archive.sana.sy\/es\/wp-content\/uploads\/2020\/11\/reforestacion-Latakia-20.jpg'><img loading=\"lazy\" decoding=\"async\" width=\"660\" height=\"439\" src=\"https:\/\/archive.sana.sy\/es\/wp-content\/uploads\/2020\/11\/reforestacion-Latakia-20.jpg\" class=\"attachment-full size-full\" alt=\"\" srcset=\"https:\/\/archive.sana.sy\/es\/wp-content\/uploads\/2020\/11\/reforestacion-Latakia-20.jpg 660w, https:\/\/archive.sana.sy\/es\/wp-content\/uploads\/2020\/11\/reforestacion-Latakia-20-300x200.jpg 300w, https:\/\/archive.sana.sy\/es\/wp-content\/uploads\/2020\/11\/reforestacion-Latakia-20-150x100.jpg 150w, https:\/\/archive.sana.sy\/es\/wp-content\/uploads\/2020\/11\/reforestacion-Latakia-20-310x205.jpg 310w\" sizes=\"(max-width: 660px) 100vw, 660px\" \/><\/a>\n\t\t\t<\/div><\/figure><figure class='gallery-item'>\n\t\t\t<div class='gallery-icon landscape'>\n\t\t\t\t<a href='https:\/\/archive.sana.sy\/es\/wp-content\/uploads\/2020\/11\/reforestacion-9.jpg'><img loading=\"lazy\" decoding=\"async\" width=\"660\" height=\"439\" src=\"https:\/\/archive.sana.sy\/es\/wp-content\/uploads\/2020\/11\/reforestacion-9.jpg\" class=\"attachment-full size-full\" alt=\"\" srcset=\"https:\/\/archive.sana.sy\/es\/wp-content\/uploads\/2020\/11\/reforestacion-9.jpg 660w, https:\/\/archive.sana.sy\/es\/wp-content\/uploads\/2020\/11\/reforestacion-9-300x200.jpg 300w, https:\/\/archive.sana.sy\/es\/wp-content\/uploads\/2020\/11\/reforestacion-9-150x100.jpg 150w, https:\/\/archive.sana.sy\/es\/wp-content\/uploads\/2020\/11\/reforestacion-9-310x205.jpg 310w\" sizes=\"(max-width: 660px) 100vw, 660px\" \/><\/a>\n\t\t\t<\/div><\/figure><figure class='gallery-item'>\n\t\t\t<div class='gallery-icon landscape'>\n\t\t\t\t<a href='https:\/\/archive.sana.sy\/es\/wp-content\/uploads\/2020\/11\/MJD_6471-scaled.jpg'><img loading=\"lazy\" decoding=\"async\" width=\"2560\" height=\"1701\" src=\"https:\/\/archive.sana.sy\/es\/wp-content\/uploads\/2020\/11\/MJD_6471-scaled.jpg\" class=\"attachment-full size-full\" alt=\"\" srcset=\"https:\/\/archive.sana.sy\/es\/wp-content\/uploads\/2020\/11\/MJD_6471-scaled.jpg 2560w, https:\/\/archive.sana.sy\/es\/wp-content\/uploads\/2020\/11\/MJD_6471-300x199.jpg 300w, https:\/\/archive.sana.sy\/es\/wp-content\/uploads\/2020\/11\/MJD_6471-1024x680.jpg 1024w, https:\/\/archive.sana.sy\/es\/wp-content\/uploads\/2020\/11\/MJD_6471-150x100.jpg 150w, https:\/\/archive.sana.sy\/es\/wp-content\/uploads\/2020\/11\/MJD_6471-768x510.jpg 768w, https:\/\/archive.sana.sy\/es\/wp-content\/uploads\/2020\/11\/MJD_6471-1536x1021.jpg 1536w, https:\/\/archive.sana.sy\/es\/wp-content\/uploads\/2020\/11\/MJD_6471-2048x1361.jpg 2048w, https:\/\/archive.sana.sy\/es\/wp-content\/uploads\/2020\/11\/MJD_6471-310x205.jpg 310w\" sizes=\"(max-width: 2560px) 100vw, 2560px\" \/><\/a>\n\t\t\t<\/div><\/figure><figure class='gallery-item'>\n\t\t\t<div class='gallery-icon landscape'>\n\t\t\t\t<a href='https:\/\/archive.sana.sy\/es\/wp-content\/uploads\/2020\/11\/reforestacion-1-scaled.jpg'><img loading=\"lazy\" decoding=\"async\" width=\"2560\" height=\"1704\" src=\"https:\/\/archive.sana.sy\/es\/wp-content\/uploads\/2020\/11\/reforestacion-1-scaled.jpg\" class=\"attachment-full size-full\" alt=\"\" srcset=\"https:\/\/archive.sana.sy\/es\/wp-content\/uploads\/2020\/11\/reforestacion-1-scaled.jpg 2560w, https:\/\/archive.sana.sy\/es\/wp-content\/uploads\/2020\/11\/reforestacion-1-300x200.jpg 300w, https:\/\/archive.sana.sy\/es\/wp-content\/uploads\/2020\/11\/reforestacion-1-1024x682.jpg 1024w, https:\/\/archive.sana.sy\/es\/wp-content\/uploads\/2020\/11\/reforestacion-1-150x100.jpg 150w, https:\/\/archive.sana.sy\/es\/wp-content\/uploads\/2020\/11\/reforestacion-1-768x511.jpg 768w, https:\/\/archive.sana.sy\/es\/wp-content\/uploads\/2020\/11\/reforestacion-1-1536x1022.jpg 1536w, https:\/\/archive.sana.sy\/es\/wp-content\/uploads\/2020\/11\/reforestacion-1-2048x1363.jpg 2048w, https:\/\/archive.sana.sy\/es\/wp-content\/uploads\/2020\/11\/reforestacion-1-310x205.jpg 310w\" sizes=\"(max-width: 2560px) 100vw, 2560px\" \/><\/a>\n\t\t\t<\/div><\/figure><figure class='gallery-item'>\n\t\t\t<div class='gallery-icon landscape'>\n\t\t\t\t<a href='https:\/\/archive.sana.sy\/es\/wp-content\/uploads\/2020\/11\/reforestacion-Latakia-2.jpg'><img loading=\"lazy\" decoding=\"async\" width=\"660\" height=\"439\" src=\"https:\/\/archive.sana.sy\/es\/wp-content\/uploads\/2020\/11\/reforestacion-Latakia-2.jpg\" class=\"attachment-full size-full\" alt=\"\" srcset=\"https:\/\/archive.sana.sy\/es\/wp-content\/uploads\/2020\/11\/reforestacion-Latakia-2.jpg 660w, https:\/\/archive.sana.sy\/es\/wp-content\/uploads\/2020\/11\/reforestacion-Latakia-2-300x200.jpg 300w, https:\/\/archive.sana.sy\/es\/wp-content\/uploads\/2020\/11\/reforestacion-Latakia-2-150x100.jpg 150w, https:\/\/archive.sana.sy\/es\/wp-content\/uploads\/2020\/11\/reforestacion-Latakia-2-310x205.jpg 310w\" sizes=\"(max-width: 660px) 100vw, 660px\" \/><\/a>\n\t\t\t<\/div><\/figure><figure class='gallery-item'>\n\t\t\t<div class='gallery-icon landscape'>\n\t\t\t\t<a href='https:\/\/archive.sana.sy\/es\/wp-content\/uploads\/2020\/11\/reforestacion-Latakia-3.jpg'><img loading=\"lazy\" decoding=\"async\" width=\"660\" height=\"452\" src=\"https:\/\/archive.sana.sy\/es\/wp-content\/uploads\/2020\/11\/reforestacion-Latakia-3.jpg\" class=\"attachment-full size-full\" alt=\"\" srcset=\"https:\/\/archive.sana.sy\/es\/wp-content\/uploads\/2020\/11\/reforestacion-Latakia-3.jpg 660w, https:\/\/archive.sana.sy\/es\/wp-content\/uploads\/2020\/11\/reforestacion-Latakia-3-300x205.jpg 300w, https:\/\/archive.sana.sy\/es\/wp-content\/uploads\/2020\/11\/reforestacion-Latakia-3-150x103.jpg 150w, https:\/\/archive.sana.sy\/es\/wp-content\/uploads\/2020\/11\/reforestacion-Latakia-3-110x75.jpg 110w\" sizes=\"(max-width: 660px) 100vw, 660px\" \/><\/a>\n\t\t\t<\/div><\/figure><figure class='gallery-item'>\n\t\t\t<div class='gallery-icon landscape'>\n\t\t\t\t<a href='https:\/\/archive.sana.sy\/es\/wp-content\/uploads\/2020\/11\/reforestacion-Latakia-4.jpg'><img loading=\"lazy\" decoding=\"async\" width=\"660\" height=\"439\" src=\"https:\/\/archive.sana.sy\/es\/wp-content\/uploads\/2020\/11\/reforestacion-Latakia-4.jpg\" class=\"attachment-full size-full\" alt=\"\" srcset=\"https:\/\/archive.sana.sy\/es\/wp-content\/uploads\/2020\/11\/reforestacion-Latakia-4.jpg 660w, https:\/\/archive.sana.sy\/es\/wp-content\/uploads\/2020\/11\/reforestacion-Latakia-4-300x200.jpg 300w, https:\/\/archive.sana.sy\/es\/wp-content\/uploads\/2020\/11\/reforestacion-Latakia-4-150x100.jpg 150w, https:\/\/archive.sana.sy\/es\/wp-content\/uploads\/2020\/11\/reforestacion-Latakia-4-310x205.jpg 310w\" sizes=\"(max-width: 660px) 100vw, 660px\" \/><\/a>\n\t\t\t<\/div><\/figure><figure class='gallery-item'>\n\t\t\t<div class='gallery-icon landscape'>\n\t\t\t\t<a href='https:\/\/archive.sana.sy\/es\/wp-content\/uploads\/2020\/11\/reforestacion-Latakia-5.jpg'><img loading=\"lazy\" decoding=\"async\" width=\"660\" height=\"419\" src=\"https:\/\/archive.sana.sy\/es\/wp-content\/uploads\/2020\/11\/reforestacion-Latakia-5.jpg\" class=\"attachment-full size-full\" alt=\"\" srcset=\"https:\/\/archive.sana.sy\/es\/wp-content\/uploads\/2020\/11\/reforestacion-Latakia-5.jpg 660w, https:\/\/archive.sana.sy\/es\/wp-content\/uploads\/2020\/11\/reforestacion-Latakia-5-300x190.jpg 300w, https:\/\/archive.sana.sy\/es\/wp-content\/uploads\/2020\/11\/reforestacion-Latakia-5-150x95.jpg 150w\" sizes=\"(max-width: 660px) 100vw, 660px\" \/><\/a>\n\t\t\t<\/div><\/figure>\n\t\t<\/div>\n\n","protected":false},"excerpt":{"rendered":"<p>Latakia, SANA Los voluntarios del grupo \u201cViajeros Sirios para Amor y Paz\u201d junto con 65 alumnos y alumnas sembraron este martes 1000 plantones de pino en uno de los bosques del pueblo de Bsheili en la provincia de Latakia. Esta iniciativa llevada a cabo por sirios de diferentes provincias viene como respuesta a los incendios &hellip;<\/p>\n","protected":false},"author":24,"featured_media":159986,"comment_status":"closed","ping_status":"closed","sticky":false,"template":"","format":"standard","meta":{"footnotes":""},"categories":[625,623,476,571,7541],"tags":[],"class_list":["post-159971","post","type-post","status-publish","format-standard","has-post-thumbnail","","category-fotos-fotos-sana","category-fotos-sana","category-locales","category-siria-en-fotos","category-ultimas-noticias"],"_links":{"self":[{"href":"https:\/\/archive.sana.sy\/es\/index.php?rest_route=\/wp\/v2\/posts\/159971"}],"collection":[{"href":"https:\/\/archive.sana.sy\/es\/index.php?rest_route=\/wp\/v2\/posts"}],"about":[{"href":"https:\/\/archive.sana.sy\/es\/index.php?rest_route=\/wp\/v2\/types\/post"}],"author":[{"embeddable":true,"href":"https:\/\/archive.sana.sy\/es\/index.php?rest_route=\/wp\/v2\/users\/24"}],"replies":[{"embeddable":true,"href":"https:\/\/archive.sana.sy\/es\/index.php?rest_route=%2Fwp%2Fv2%2Fcomments&post=159971"}],"version-history":[{"count":0,"href":"https:\/\/archive.sana.sy\/es\/index.php?rest_route=\/wp\/v2\/posts\/159971\/revisions"}],"wp:featuredmedia":[{"embeddable":true,"href":"https:\/\/archive.sana.sy\/es\/index.php?rest_route=\/wp\/v2\/media\/159986"}],"wp:attachment":[{"href":"https:\/\/archive.sana.sy\/es\/index.php?rest_route=%2Fwp%2Fv2%2Fmedia&parent=159971"}],"wp:term":[{"taxonomy":"category","embeddable":true,"href":"https:\/\/archive.sana.sy\/es\/index.php?rest_route=%2Fwp%2Fv2%2Fcategories&post=159971"},{"taxonomy":"post_tag","embeddable":true,"href":"https:\/\/archive.sana.sy\/es\/index.php?rest_route=%2Fwp%2Fv2%2Ftags&post=159971"}],"curies":[{"name":"wp","href":"https:\/\/api.w.org\/{rel}","templated":true}]}}