{"id":160089,"date":"2020-11-19T21:35:36","date_gmt":"2020-11-19T19:35:36","guid":{"rendered":"http:\/\/107.6.182.27\/es\/?p=160089"},"modified":"2023-01-12T14:42:39","modified_gmt":"2023-01-12T12:42:39","slug":"aviones-belicos-saudies-bombardean-varias-provincias-en-yemen","status":"publish","type":"post","link":"https:\/\/archive.sana.sy\/es\/?p=160089","title":{"rendered":"Aviones b\u00e9licos saud\u00edes bombardean varias provincias en Yemen"},"content":{"rendered":"<p style=\"text-align: justify\">San\u00e1, SANA<\/p>\n<p style=\"text-align: justify\">Los cazabombarderos de la agresi\u00f3n saud\u00ed llevaron a cabo una serie de incursiones contra las provincias yemen\u00edes de Saada, Marib y Yof.<\/p>\n<p style=\"text-align: justify\">Una fuente militar inform\u00f3 a la agencia de noticias yemen\u00ed SABA, que aviones saud\u00edes bombardearon en dos ocasiones la regi\u00f3n de Qataa, en el distrito de Knaf, provincia de Saada as\u00ed como llevaron a cabo tres incursiones contra los distritos de Khab, Shaghaf y Hazm, en la provincia de Yof.<\/p>\n<p style=\"text-align: justify\">\u00a8Los aviones saud\u00edes realizaron 16 ataques a\u00e9reos contra los distritos de Madghal y Mayzar, en la provincia de Maareb\u00a8, explic\u00f3 la fuente.<\/p>\n<p style=\"text-align: justify\">\u00a8Las agresiones saud\u00edes dejaron colosales da\u00f1os materiales en las propiedades\u00a8, detall\u00f3.<\/p>\n<p style=\"text-align: justify\">El ente militar se\u00f1al\u00f3 que las fuerzas de agresi\u00f3n violaron 167 veces el cese al fuego.<\/p>\n<p style=\"text-align: justify\">yk<\/p>\n","protected":false},"excerpt":{"rendered":"<p>San\u00e1, SANA Los cazabombarderos de la agresi\u00f3n saud\u00ed llevaron a cabo una serie de incursiones contra las provincias yemen\u00edes de Saada, Marib y Yof. Una fuente militar inform\u00f3 a la agencia de noticias yemen\u00ed SABA, que aviones saud\u00edes bombardearon en dos ocasiones la regi\u00f3n de Qataa, en el distrito de Knaf, provincia de Saada as\u00ed &hellip;<\/p>\n","protected":false},"author":1,"featured_media":160091,"comment_status":"closed","ping_status":"closed","sticky":false,"template":"","format":"standard","meta":{"footnotes":""},"categories":[456],"tags":[],"class_list":["post-160089","post","type-post","status-publish","format-standard","has-post-thumbnail","","category-arabe-internacional-politica"],"_links":{"self":[{"href":"https:\/\/archive.sana.sy\/es\/index.php?rest_route=\/wp\/v2\/posts\/160089"}],"collection":[{"href":"https:\/\/archive.sana.sy\/es\/index.php?rest_route=\/wp\/v2\/posts"}],"about":[{"href":"https:\/\/archive.sana.sy\/es\/index.php?rest_route=\/wp\/v2\/types\/post"}],"author":[{"embeddable":true,"href":"https:\/\/archive.sana.sy\/es\/index.php?rest_route=\/wp\/v2\/users\/1"}],"replies":[{"embeddable":true,"href":"https:\/\/archive.sana.sy\/es\/index.php?rest_route=%2Fwp%2Fv2%2Fcomments&post=160089"}],"version-history":[{"count":0,"href":"https:\/\/archive.sana.sy\/es\/index.php?rest_route=\/wp\/v2\/posts\/160089\/revisions"}],"wp:featuredmedia":[{"embeddable":true,"href":"https:\/\/archive.sana.sy\/es\/index.php?rest_route=\/wp\/v2\/media\/160091"}],"wp:attachment":[{"href":"https:\/\/archive.sana.sy\/es\/index.php?rest_route=%2Fwp%2Fv2%2Fmedia&parent=160089"}],"wp:term":[{"taxonomy":"category","embeddable":true,"href":"https:\/\/archive.sana.sy\/es\/index.php?rest_route=%2Fwp%2Fv2%2Fcategories&post=160089"},{"taxonomy":"post_tag","embeddable":true,"href":"https:\/\/archive.sana.sy\/es\/index.php?rest_route=%2Fwp%2Fv2%2Ftags&post=160089"}],"curies":[{"name":"wp","href":"https:\/\/api.w.org\/{rel}","templated":true}]}}