{"id":160101,"date":"2020-11-19T22:18:11","date_gmt":"2020-11-19T20:18:11","guid":{"rendered":"http:\/\/107.6.182.27\/es\/?p=160101"},"modified":"2020-11-19T22:32:29","modified_gmt":"2020-11-19T20:32:29","slug":"siria-e-irak-acuerdan-desarrollar-la-cooperacion-en-el-ambito-del-transporte-ferroviario","status":"publish","type":"post","link":"https:\/\/archive.sana.sy\/es\/?p=160101","title":{"rendered":"Siria e Irak acuerdan desarrollar la cooperaci\u00f3n en el \u00e1mbito del transporte ferroviario"},"content":{"rendered":"<p style=\"font-weight: 400; text-align: justify;\"><span style=\"color: #800000;\"><strong>Damasco, SANA<\/strong><\/span><\/p>\n<p style=\"font-weight: 400; text-align: justify;\">La Compa\u00f1\u00eda \u00a0Estatal de Ferrocarriles de Siria y la Compa\u00f1\u00eda General de Ferrocarriles iraqu\u00edes firmaron hoy un acuerdo de cooperaci\u00f3n conjunta.<\/p>\n<p style=\"font-weight: 400; text-align: justify;\">Al t\u00e9rmino de la suscripci\u00f3n del acuerdo con el Ingeniero Talib Jawad Kazim, Gerente de la Compa\u00f1\u00eda \u00a0Estatal de Ferrocarriles iraqu\u00ed Najib Fares, el Director General de la Compa\u00f1\u00eda \u00a0Estatal de Ferrocarriles de Siria, dijo en una declaraci\u00f3n a SANA, que el acuerdo tiene como objetivo desarrollar e intercambiar investigaciones, capacitar al personal t\u00e9cnico, intercambiar visitas cient\u00edficas, conferencias, transferencia de tecnolog\u00eda ferroviaria y requisitos est\u00e1ndares internacionales.<\/p>\n<p style=\"font-weight: 400; text-align: justify;\">\u201cEl acuerdo incluye tambi\u00e9n formas de desarrollar la producci\u00f3n, reducir costos y aumentar la inversi\u00f3n en transporte ferroviario para mejorar su rentabilidad, creando un entorno flexible para el movimiento de la actividad empresarial entre los dos pa\u00edses hermanos\u201d, a\u00f1adi\u00f3 Fares.<img loading=\"lazy\" decoding=\"async\" class=\"size-medium wp-image-160103 alignright\" src=\"http:\/\/107.6.182.27\/es\/wp-content\/uploads\/2020\/11\/photo_2020-11-19_17-32-57-300x174.jpg\" alt=\"\" width=\"300\" height=\"174\" srcset=\"https:\/\/archive.sana.sy\/es\/wp-content\/uploads\/2020\/11\/photo_2020-11-19_17-32-57-300x174.jpg 300w, https:\/\/archive.sana.sy\/es\/wp-content\/uploads\/2020\/11\/photo_2020-11-19_17-32-57-150x87.jpg 150w, https:\/\/archive.sana.sy\/es\/wp-content\/uploads\/2020\/11\/photo_2020-11-19_17-32-57.jpg 522w\" sizes=\"(max-width: 300px) 100vw, 300px\" \/><\/p>\n<p style=\"font-weight: 400; text-align: justify;\">Tras la firma del acuerdo, el Ministro de Transportes, Zuhair Khazim, se reuni\u00f3 con la Delegaci\u00f3n del Ministerio de Transporte iraqu\u00ed y discuti\u00f3 con \u00e9l la activaci\u00f3n de los lazos de cooperaci\u00f3n conjunta y las formas de hacer frente a las sanciones econ\u00f3micas unilaterales impuestas a los dos pa\u00edses.<\/p>\n<p style=\"text-align: justify;\"><span style=\"color: #0000ff;\"><strong>ah\/rsh<\/strong><\/span><\/p>\n","protected":false},"excerpt":{"rendered":"<p>Damasco, SANA La Compa\u00f1\u00eda \u00a0Estatal de Ferrocarriles de Siria y la Compa\u00f1\u00eda General de Ferrocarriles iraqu\u00edes firmaron hoy un acuerdo de cooperaci\u00f3n conjunta. Al t\u00e9rmino de la suscripci\u00f3n del acuerdo con el Ingeniero Talib Jawad Kazim, Gerente de la Compa\u00f1\u00eda \u00a0Estatal de Ferrocarriles iraqu\u00ed Najib Fares, el Director General de la Compa\u00f1\u00eda \u00a0Estatal de Ferrocarriles &hellip;<\/p>\n","protected":false},"author":30,"featured_media":160102,"comment_status":"closed","ping_status":"closed","sticky":false,"template":"","format":"standard","meta":{"footnotes":""},"categories":[597,467,7541],"tags":[18508],"class_list":["post-160101","post","type-post","status-publish","format-standard","has-post-thumbnail","","category-cinta-de-noticias","category-siria-y-el-mundo","category-ultimas-noticias","tag-siria-e-irak-acuerdan-desarrollar-la-cooperacion-en-el-ambito-del-transporte-ferroviario"],"_links":{"self":[{"href":"https:\/\/archive.sana.sy\/es\/index.php?rest_route=\/wp\/v2\/posts\/160101"}],"collection":[{"href":"https:\/\/archive.sana.sy\/es\/index.php?rest_route=\/wp\/v2\/posts"}],"about":[{"href":"https:\/\/archive.sana.sy\/es\/index.php?rest_route=\/wp\/v2\/types\/post"}],"author":[{"embeddable":true,"href":"https:\/\/archive.sana.sy\/es\/index.php?rest_route=\/wp\/v2\/users\/30"}],"replies":[{"embeddable":true,"href":"https:\/\/archive.sana.sy\/es\/index.php?rest_route=%2Fwp%2Fv2%2Fcomments&post=160101"}],"version-history":[{"count":0,"href":"https:\/\/archive.sana.sy\/es\/index.php?rest_route=\/wp\/v2\/posts\/160101\/revisions"}],"wp:featuredmedia":[{"embeddable":true,"href":"https:\/\/archive.sana.sy\/es\/index.php?rest_route=\/wp\/v2\/media\/160102"}],"wp:attachment":[{"href":"https:\/\/archive.sana.sy\/es\/index.php?rest_route=%2Fwp%2Fv2%2Fmedia&parent=160101"}],"wp:term":[{"taxonomy":"category","embeddable":true,"href":"https:\/\/archive.sana.sy\/es\/index.php?rest_route=%2Fwp%2Fv2%2Fcategories&post=160101"},{"taxonomy":"post_tag","embeddable":true,"href":"https:\/\/archive.sana.sy\/es\/index.php?rest_route=%2Fwp%2Fv2%2Ftags&post=160101"}],"curies":[{"name":"wp","href":"https:\/\/api.w.org\/{rel}","templated":true}]}}