{"id":160282,"date":"2020-11-21T21:56:35","date_gmt":"2020-11-21T19:56:35","guid":{"rendered":"http:\/\/107.6.182.27\/es\/?p=160282"},"modified":"2020-11-21T21:59:11","modified_gmt":"2020-11-21T19:59:11","slug":"paises-occidentales-politizan-el-tema-humanitario-en-siria-afirma-asghar-khaji","status":"publish","type":"post","link":"https:\/\/archive.sana.sy\/es\/?p=160282","title":{"rendered":"Pa\u00edses occidentales politizan el tema humanitario en Siria, afirma Asghar Khaji"},"content":{"rendered":"<p style=\"text-align: justify;\"><span style=\"color: #800000;\">Teher\u00e1n, SANA <\/span><\/p>\n<p style=\"text-align: justify;\">Los pa\u00edses occidentales politizan las causas humanitarias en Siria para alcanzar sus fines pol\u00edticos, afirm\u00f3 hoy Ali Asghar Khaji, viceministro de Exteriores de Ir\u00e1n para Asuntos Pol\u00edticos Especiales.<\/p>\n<p style=\"text-align: justify;\">\u201cLos pa\u00edses occidentales alegan defender las cuestiones humanitarias, pero en realidad condicionan la contenci\u00f3n de la situaci\u00f3n humanitaria en Siria a la consecuci\u00f3n de sus objetivos pol\u00edticos e intentaron impedir la celebraci\u00f3n de la Conferencia Internacional sobre el Retorno de los Refugiados Sirios\u201d, dijo Asghar Khaji, durante su reuni\u00f3n con el enviado especial de las Naciones Unidas a Siria, Geir Pedersen, este s\u00e1bado en Teher\u00e1n.<\/p>\n<p style=\"text-align: justify;\">Critic\u00f3 la no participaci\u00f3n de los pa\u00edses occidentales en la Conferencia que se celebr\u00f3 recientemente en Damasco.<\/p>\n<p style=\"text-align: justify;\">Destac\u00f3 la importancia de continuar los esfuerzos para encontrar una soluci\u00f3n pol\u00edtica a la crisis en Siria y continuar las reuniones del Comit\u00e9 Constitucional.<\/p>\n<p style=\"text-align: justify;\">Por su parte, Pedersen le inform\u00f3 a la parte iran\u00ed sobre los \u00faltimos arreglos realizados con los miembros del Comit\u00e9 con respecto a la agenda y el calendario de las pr\u00f3ximas reuniones.<\/p>\n<p><span style=\"color: #0000ff;\">rr\/fm<\/span><\/p>\n","protected":false},"excerpt":{"rendered":"<p>Teher\u00e1n, SANA Los pa\u00edses occidentales politizan las causas humanitarias en Siria para alcanzar sus fines pol\u00edticos, afirm\u00f3 hoy Ali Asghar Khaji, viceministro de Exteriores de Ir\u00e1n para Asuntos Pol\u00edticos Especiales. \u201cLos pa\u00edses occidentales alegan defender las cuestiones humanitarias, pero en realidad condicionan la contenci\u00f3n de la situaci\u00f3n humanitaria en Siria a la consecuci\u00f3n de sus &hellip;<\/p>\n","protected":false},"author":31,"featured_media":160283,"comment_status":"closed","ping_status":"closed","sticky":false,"template":"","format":"standard","meta":{"footnotes":""},"categories":[597,467,7541],"tags":[],"class_list":["post-160282","post","type-post","status-publish","format-standard","has-post-thumbnail","","category-cinta-de-noticias","category-siria-y-el-mundo","category-ultimas-noticias"],"_links":{"self":[{"href":"https:\/\/archive.sana.sy\/es\/index.php?rest_route=\/wp\/v2\/posts\/160282"}],"collection":[{"href":"https:\/\/archive.sana.sy\/es\/index.php?rest_route=\/wp\/v2\/posts"}],"about":[{"href":"https:\/\/archive.sana.sy\/es\/index.php?rest_route=\/wp\/v2\/types\/post"}],"author":[{"embeddable":true,"href":"https:\/\/archive.sana.sy\/es\/index.php?rest_route=\/wp\/v2\/users\/31"}],"replies":[{"embeddable":true,"href":"https:\/\/archive.sana.sy\/es\/index.php?rest_route=%2Fwp%2Fv2%2Fcomments&post=160282"}],"version-history":[{"count":0,"href":"https:\/\/archive.sana.sy\/es\/index.php?rest_route=\/wp\/v2\/posts\/160282\/revisions"}],"wp:featuredmedia":[{"embeddable":true,"href":"https:\/\/archive.sana.sy\/es\/index.php?rest_route=\/wp\/v2\/media\/160283"}],"wp:attachment":[{"href":"https:\/\/archive.sana.sy\/es\/index.php?rest_route=%2Fwp%2Fv2%2Fmedia&parent=160282"}],"wp:term":[{"taxonomy":"category","embeddable":true,"href":"https:\/\/archive.sana.sy\/es\/index.php?rest_route=%2Fwp%2Fv2%2Fcategories&post=160282"},{"taxonomy":"post_tag","embeddable":true,"href":"https:\/\/archive.sana.sy\/es\/index.php?rest_route=%2Fwp%2Fv2%2Ftags&post=160282"}],"curies":[{"name":"wp","href":"https:\/\/api.w.org\/{rel}","templated":true}]}}