{"id":160339,"date":"2020-11-22T06:50:43","date_gmt":"2020-11-22T04:50:43","guid":{"rendered":"http:\/\/107.6.182.27\/es\/?p=160339"},"modified":"2023-01-12T14:42:38","modified_gmt":"2023-01-12T12:42:38","slug":"bombardea-israel-la-asediada-franja-de-gaza","status":"publish","type":"post","link":"https:\/\/archive.sana.sy\/es\/?p=160339","title":{"rendered":"Bombardea Israel la asediada Franja de Gaza"},"content":{"rendered":"<p style=\"text-align: justify;\"><span style=\"color: #800000;\"><strong>Jerusal\u00e9n ocupada, SANA <\/strong><\/span><\/p>\n<p style=\"text-align: justify;\">La aviaci\u00f3n del ocupante israel\u00ed renov\u00f3 sus bombardeos contra la sitiada Franja de Gaza.<\/p>\n<p style=\"text-align: justify;\">\u201cAviones sionistas atacaron con varios misiles la zona de Sheikh Ajlin y Tal al-Hawa situada en el oeste de la Franja, y a Khan Yunis y Rafah, en el sur, lo que provoc\u00f3 da\u00f1os materiales en las casas y las propiedades palestinas\u201d, inform\u00f3 la agencia de noticias Maan.<\/p>\n<p style=\"text-align: justify;\">La artiller\u00eda y los aviones de combate israel\u00edes lanzan ataques contra el Sector causando la muerte y heridas de cientos de palestinos.<\/p>\n<p style=\"text-align: justify;\"><strong><span style=\"color: #0000ff;\">ed\/fm<\/span><\/strong><\/p>\n","protected":false},"excerpt":{"rendered":"<p>Jerusal\u00e9n ocupada, SANA La aviaci\u00f3n del ocupante israel\u00ed renov\u00f3 sus bombardeos contra la sitiada Franja de Gaza. \u201cAviones sionistas atacaron con varios misiles la zona de Sheikh Ajlin y Tal al-Hawa situada en el oeste de la Franja, y a Khan Yunis y Rafah, en el sur, lo que provoc\u00f3 da\u00f1os materiales en las casas &hellip;<\/p>\n","protected":false},"author":32,"featured_media":160340,"comment_status":"closed","ping_status":"closed","sticky":false,"template":"","format":"standard","meta":{"footnotes":""},"categories":[597,456,7541],"tags":[],"class_list":["post-160339","post","type-post","status-publish","format-standard","has-post-thumbnail","","category-cinta-de-noticias","category-arabe-internacional-politica","category-ultimas-noticias"],"_links":{"self":[{"href":"https:\/\/archive.sana.sy\/es\/index.php?rest_route=\/wp\/v2\/posts\/160339"}],"collection":[{"href":"https:\/\/archive.sana.sy\/es\/index.php?rest_route=\/wp\/v2\/posts"}],"about":[{"href":"https:\/\/archive.sana.sy\/es\/index.php?rest_route=\/wp\/v2\/types\/post"}],"author":[{"embeddable":true,"href":"https:\/\/archive.sana.sy\/es\/index.php?rest_route=\/wp\/v2\/users\/32"}],"replies":[{"embeddable":true,"href":"https:\/\/archive.sana.sy\/es\/index.php?rest_route=%2Fwp%2Fv2%2Fcomments&post=160339"}],"version-history":[{"count":0,"href":"https:\/\/archive.sana.sy\/es\/index.php?rest_route=\/wp\/v2\/posts\/160339\/revisions"}],"wp:featuredmedia":[{"embeddable":true,"href":"https:\/\/archive.sana.sy\/es\/index.php?rest_route=\/wp\/v2\/media\/160340"}],"wp:attachment":[{"href":"https:\/\/archive.sana.sy\/es\/index.php?rest_route=%2Fwp%2Fv2%2Fmedia&parent=160339"}],"wp:term":[{"taxonomy":"category","embeddable":true,"href":"https:\/\/archive.sana.sy\/es\/index.php?rest_route=%2Fwp%2Fv2%2Fcategories&post=160339"},{"taxonomy":"post_tag","embeddable":true,"href":"https:\/\/archive.sana.sy\/es\/index.php?rest_route=%2Fwp%2Fv2%2Ftags&post=160339"}],"curies":[{"name":"wp","href":"https:\/\/api.w.org\/{rel}","templated":true}]}}