{"id":160342,"date":"2020-11-22T10:28:56","date_gmt":"2020-11-22T08:28:56","guid":{"rendered":"http:\/\/107.6.182.27\/es\/?p=160342"},"modified":"2020-11-22T18:02:14","modified_gmt":"2020-11-22T16:02:14","slug":"un-herido-por-explosion-de-una-mina-remanente-de-terroristas-en-nashabiyah","status":"publish","type":"post","link":"https:\/\/archive.sana.sy\/es\/?p=160342","title":{"rendered":"Un herido por explosi\u00f3n de una mina remanente de terroristas en Nashabiyah"},"content":{"rendered":"<p style=\"text-align: justify;\"><strong><span style=\"color: #800000;\">Damasco-campo, SANA<\/span><\/strong><\/p>\n<p style=\"text-align: justify;\">Una persona result\u00f3 herida por la explosi\u00f3n de una mina remanente de las organizaciones terroristas en la aldea de Housh Kharabo en la localidad de Nashabiyah, al sur del este de Ghouta Oriental cerca de Damasco.<\/p>\n<p style=\"text-align: justify;\">El comando de polic\u00eda de Damasco inform\u00f3 a SANA que la mina estall\u00f3 en el edificio del Instituto Agr\u00edcola en Housh Kharabo causando la lesi\u00f3n de uno de los trabajadores que fue ingresado en uno de los hospitales de Damasco para recibir tratamiento.<\/p>\n<p style=\"text-align: justify;\">En mayo pasado, cinco ni\u00f1os resultaron heridos por la explosi\u00f3n de una mina dejada por terroristas en los alrededores de la aldea de Otaibah, al sur de Ghouta oriental.<\/p>\n<p style=\"text-align: justify;\"><strong><span style=\"color: #0000ff;\">ed\/fm<\/span><\/strong><\/p>\n","protected":false},"excerpt":{"rendered":"<p>Damasco-campo, SANA Una persona result\u00f3 herida por la explosi\u00f3n de una mina remanente de las organizaciones terroristas en la aldea de Housh Kharabo en la localidad de Nashabiyah, al sur del este de Ghouta Oriental cerca de Damasco. El comando de polic\u00eda de Damasco inform\u00f3 a SANA que la mina estall\u00f3 en el edificio del &hellip;<\/p>\n","protected":false},"author":32,"featured_media":160343,"comment_status":"closed","ping_status":"closed","sticky":false,"template":"","format":"standard","meta":{"footnotes":""},"categories":[477,447,597,573,476,7541],"tags":[],"class_list":["post-160342","post","type-post","status-publish","format-standard","has-post-thumbnail","","category-noticias-edulcorantes","category-local-politica","category-cinta-de-noticias","category-la-realidad-de-los-acontecimientos-en-siria","category-locales","category-ultimas-noticias"],"_links":{"self":[{"href":"https:\/\/archive.sana.sy\/es\/index.php?rest_route=\/wp\/v2\/posts\/160342"}],"collection":[{"href":"https:\/\/archive.sana.sy\/es\/index.php?rest_route=\/wp\/v2\/posts"}],"about":[{"href":"https:\/\/archive.sana.sy\/es\/index.php?rest_route=\/wp\/v2\/types\/post"}],"author":[{"embeddable":true,"href":"https:\/\/archive.sana.sy\/es\/index.php?rest_route=\/wp\/v2\/users\/32"}],"replies":[{"embeddable":true,"href":"https:\/\/archive.sana.sy\/es\/index.php?rest_route=%2Fwp%2Fv2%2Fcomments&post=160342"}],"version-history":[{"count":0,"href":"https:\/\/archive.sana.sy\/es\/index.php?rest_route=\/wp\/v2\/posts\/160342\/revisions"}],"wp:featuredmedia":[{"embeddable":true,"href":"https:\/\/archive.sana.sy\/es\/index.php?rest_route=\/wp\/v2\/media\/160343"}],"wp:attachment":[{"href":"https:\/\/archive.sana.sy\/es\/index.php?rest_route=%2Fwp%2Fv2%2Fmedia&parent=160342"}],"wp:term":[{"taxonomy":"category","embeddable":true,"href":"https:\/\/archive.sana.sy\/es\/index.php?rest_route=%2Fwp%2Fv2%2Fcategories&post=160342"},{"taxonomy":"post_tag","embeddable":true,"href":"https:\/\/archive.sana.sy\/es\/index.php?rest_route=%2Fwp%2Fv2%2Ftags&post=160342"}],"curies":[{"name":"wp","href":"https:\/\/api.w.org\/{rel}","templated":true}]}}