{"id":160386,"date":"2020-11-22T17:20:28","date_gmt":"2020-11-22T15:20:28","guid":{"rendered":"http:\/\/107.6.182.27\/es\/?p=160386"},"modified":"2020-11-22T20:02:30","modified_gmt":"2020-11-22T18:02:30","slug":"al-assad-nombra-a-faisal-mekdad-como-canciller-y-a-bashar-jaafari-como-vicecanciller","status":"publish","type":"post","link":"https:\/\/archive.sana.sy\/es\/?p=160386","title":{"rendered":"Al-Assad nombra a Faisal Mekdad como canciller y a Bashar Jaafari como Vicecanciller"},"content":{"rendered":"<p style=\"text-align: justify;\"><strong><span style=\"color: #800000;\">Damasco, SANA<\/span><\/strong><\/p>\n<p style=\"text-align: justify;\">El presidente Bashar Al-Assad, emiti\u00f3 tres decretos legislativos que llevan los n\u00famero (322-323-324) que nombran al Dr. Faisal Mekdad como Ministro de Exteriores y Expatriados y al Dr. Bashar Al-Jaafari como Viceministro de Exteriores y Expatriados, y al embajador Bassam Al-Sabbagh como representante permanente de la Rep\u00fablica \u00c1rabe Siria ante la Organizaci\u00f3n de las Naciones Unidas en Nueva York.<\/p>\n<p style=\"text-align: justify;\"><strong><span style=\"color: #0000ff;\">fm\/ ed<\/span><\/strong><\/p>\n","protected":false},"excerpt":{"rendered":"<p>Damasco, SANA El presidente Bashar Al-Assad, emiti\u00f3 tres decretos legislativos que llevan los n\u00famero (322-323-324) que nombran al Dr. Faisal Mekdad como Ministro de Exteriores y Expatriados y al Dr. Bashar Al-Jaafari como Viceministro de Exteriores y Expatriados, y al embajador Bassam Al-Sabbagh como representante permanente de la Rep\u00fablica \u00c1rabe Siria ante la Organizaci\u00f3n de &hellip;<\/p>\n","protected":false},"author":32,"featured_media":158166,"comment_status":"closed","ping_status":"closed","sticky":false,"template":"","format":"standard","meta":{"footnotes":""},"categories":[597,16237,583],"tags":[],"class_list":["post-160386","post","type-post","status-publish","format-standard","has-post-thumbnail","","category-cinta-de-noticias","category-presidence-de-la-republique-arabe-syria","category-slide"],"_links":{"self":[{"href":"https:\/\/archive.sana.sy\/es\/index.php?rest_route=\/wp\/v2\/posts\/160386"}],"collection":[{"href":"https:\/\/archive.sana.sy\/es\/index.php?rest_route=\/wp\/v2\/posts"}],"about":[{"href":"https:\/\/archive.sana.sy\/es\/index.php?rest_route=\/wp\/v2\/types\/post"}],"author":[{"embeddable":true,"href":"https:\/\/archive.sana.sy\/es\/index.php?rest_route=\/wp\/v2\/users\/32"}],"replies":[{"embeddable":true,"href":"https:\/\/archive.sana.sy\/es\/index.php?rest_route=%2Fwp%2Fv2%2Fcomments&post=160386"}],"version-history":[{"count":0,"href":"https:\/\/archive.sana.sy\/es\/index.php?rest_route=\/wp\/v2\/posts\/160386\/revisions"}],"wp:featuredmedia":[{"embeddable":true,"href":"https:\/\/archive.sana.sy\/es\/index.php?rest_route=\/wp\/v2\/media\/158166"}],"wp:attachment":[{"href":"https:\/\/archive.sana.sy\/es\/index.php?rest_route=%2Fwp%2Fv2%2Fmedia&parent=160386"}],"wp:term":[{"taxonomy":"category","embeddable":true,"href":"https:\/\/archive.sana.sy\/es\/index.php?rest_route=%2Fwp%2Fv2%2Fcategories&post=160386"},{"taxonomy":"post_tag","embeddable":true,"href":"https:\/\/archive.sana.sy\/es\/index.php?rest_route=%2Fwp%2Fv2%2Ftags&post=160386"}],"curies":[{"name":"wp","href":"https:\/\/api.w.org\/{rel}","templated":true}]}}