{"id":160537,"date":"2020-11-24T07:37:35","date_gmt":"2020-11-24T05:37:35","guid":{"rendered":"http:\/\/107.6.182.27\/es\/?p=160537"},"modified":"2020-11-24T07:37:35","modified_gmt":"2020-11-24T05:37:35","slug":"cancilleres-de-rusia-y-jordania-abordan-la-situacion-en-siria","status":"publish","type":"post","link":"https:\/\/archive.sana.sy\/es\/?p=160537","title":{"rendered":"Cancilleres de Rusia y Jordania abordan la situaci\u00f3n en Siria"},"content":{"rendered":"<p style=\"text-align: justify;\"><span style=\"color: #800000;\"><strong>Mosc\u00fa, SANA <\/strong><\/span><\/p>\n<p style=\"text-align: justify;\">El ministro de Exteriores de Rusia, Sergei Lavrov, reiter\u00f3 la firme postura de su pa\u00eds de que no existe otra alternativa a una soluci\u00f3n pol\u00edtica a la crisis en Siria.<\/p>\n<p style=\"text-align: justify;\">Seg\u00fan comunic\u00f3 la Canciller\u00eda rusa, Lavrov afirm\u00f3, durante una llamada telef\u00f3nica con su hom\u00f3logo jordano, Ayman Safadi, que \u201cno hay alternativa a una soluci\u00f3n pol\u00edtica a la crisis en Siria sobre la base de la Resoluci\u00f3n Nro. 2254 del Consejo de Seguridad de la ONU y los resultados de la Conferencia de Di\u00e1logo Nacional Sirio en Sochi.<\/p>\n<p style=\"text-align: justify;\">\u201cLos dos cancilleres discutieron la situaci\u00f3n en Siria y la contribuci\u00f3n a resolver sus problemas, teniendo en cuenta las decisiones de la Conferencia Internacional sobre Refugiados Sirios que se celebr\u00f3 en Damasco los d\u00edas 11 y 12 del mes en curso\u201d, detall\u00f3 la nota.<\/p>\n<p style=\"text-align: justify;\">Se\u00f1al\u00f3 que los dos ministros tambi\u00e9n enfatizaron la necesidad de reanudar las negociaciones entre palestinos e &#8220;Israel&#8221; a fin de lograr un arreglo a la cuesti\u00f3n palestina, sobre la base del establecimiento de un estado palestino independiente.<\/p>\n<p style=\"text-align: justify;\"><strong><span style=\"color: #0000ff;\">rr\/fm<\/span><\/strong><\/p>\n<p style=\"text-align: justify;\">\n","protected":false},"excerpt":{"rendered":"<p>Mosc\u00fa, SANA El ministro de Exteriores de Rusia, Sergei Lavrov, reiter\u00f3 la firme postura de su pa\u00eds de que no existe otra alternativa a una soluci\u00f3n pol\u00edtica a la crisis en Siria. Seg\u00fan comunic\u00f3 la Canciller\u00eda rusa, Lavrov afirm\u00f3, durante una llamada telef\u00f3nica con su hom\u00f3logo jordano, Ayman Safadi, que \u201cno hay alternativa a una &hellip;<\/p>\n","protected":false},"author":32,"featured_media":160538,"comment_status":"closed","ping_status":"closed","sticky":false,"template":"","format":"standard","meta":{"footnotes":""},"categories":[597,467,7541],"tags":[],"class_list":["post-160537","post","type-post","status-publish","format-standard","has-post-thumbnail","","category-cinta-de-noticias","category-siria-y-el-mundo","category-ultimas-noticias"],"_links":{"self":[{"href":"https:\/\/archive.sana.sy\/es\/index.php?rest_route=\/wp\/v2\/posts\/160537"}],"collection":[{"href":"https:\/\/archive.sana.sy\/es\/index.php?rest_route=\/wp\/v2\/posts"}],"about":[{"href":"https:\/\/archive.sana.sy\/es\/index.php?rest_route=\/wp\/v2\/types\/post"}],"author":[{"embeddable":true,"href":"https:\/\/archive.sana.sy\/es\/index.php?rest_route=\/wp\/v2\/users\/32"}],"replies":[{"embeddable":true,"href":"https:\/\/archive.sana.sy\/es\/index.php?rest_route=%2Fwp%2Fv2%2Fcomments&post=160537"}],"version-history":[{"count":0,"href":"https:\/\/archive.sana.sy\/es\/index.php?rest_route=\/wp\/v2\/posts\/160537\/revisions"}],"wp:featuredmedia":[{"embeddable":true,"href":"https:\/\/archive.sana.sy\/es\/index.php?rest_route=\/wp\/v2\/media\/160538"}],"wp:attachment":[{"href":"https:\/\/archive.sana.sy\/es\/index.php?rest_route=%2Fwp%2Fv2%2Fmedia&parent=160537"}],"wp:term":[{"taxonomy":"category","embeddable":true,"href":"https:\/\/archive.sana.sy\/es\/index.php?rest_route=%2Fwp%2Fv2%2Fcategories&post=160537"},{"taxonomy":"post_tag","embeddable":true,"href":"https:\/\/archive.sana.sy\/es\/index.php?rest_route=%2Fwp%2Fv2%2Ftags&post=160537"}],"curies":[{"name":"wp","href":"https:\/\/api.w.org\/{rel}","templated":true}]}}