{"id":160547,"date":"2020-11-24T08:51:14","date_gmt":"2020-11-24T06:51:14","guid":{"rendered":"http:\/\/107.6.182.27\/es\/?p=160547"},"modified":"2023-01-10T15:34:05","modified_gmt":"2023-01-10T13:34:05","slug":"siria-en-sintesis-24-de-noviembre-del-2020-comienzan-jornadas-de-la-cultura-siria-bajo-el-lema-mi-cultura-es-mi-identidad","status":"publish","type":"post","link":"https:\/\/archive.sana.sy\/es\/?p=160547","title":{"rendered":"Siria en S\u00edntesis, 24 de Noviembre del 2020"},"content":{"rendered":"<p style=\"text-align: justify;\"><span style=\"color: #800000;\"><strong>Damasco , SANA\u00a0<\/strong><\/span><\/p>\n<p>????Comienzan jornadas de la Cultura Siria bajo el lema \u201cmi cultura es mi identidad\u201d<\/p>\n<p style=\"text-align: justify;\">????Damasco homenajea a la legendaria cantante Fairuz<\/p>\n<p style=\"text-align: justify;\">????Deir Ezzor acoge actividades del Foro de Arte Pl\u00e1stico<\/p>\n<p style=\"text-align: justify;\">????Confirman 70 nuevos casos de Covid-19 en Siria<\/p>\n<p style=\"text-align: justify;\">????Siria y Abjasia abogan por desarrollar las relaciones de cooperaci\u00f3n<\/p>\n<p style=\"text-align: justify;\">????Cancilleres de Rusia y Jordania abordan la situaci\u00f3n en Siria<\/p>\n<p style=\"text-align: justify;\">????Ir\u00e1n seguir\u00e1 defendiendo a Siria y su seguridad como pa\u00eds importante en la regi\u00f3n, afirma Abd al-Lahyan<\/p>\n<p style=\"text-align: justify;\">????Medios israel\u00edes revelan una visita secreta de Netanyahu a Arabia Saudita<\/p>\n<p style=\"text-align: justify;\">????Convoy estadounidense de 49 veh\u00edculos sale de una base ilegal en Siria y se dirige a Iraq<\/p>\n<p style=\"text-align: justify;\">????Mercenarios proturcos saquean una iglesia en el norte de Siria<\/p>\n<p style=\"text-align: justify;\">????Desconocidos secuestran miembros de la milicia FDS en Hasakeh<\/p>\n<p style=\"text-align: justify;\">????Mueren 3 armados de FDS en Deir Ezor<\/p>\n<p style=\"text-align: justify;\">????Ataques a\u00e9reos saud\u00edes contra provincias yemen\u00edes<\/p>\n<p style=\"text-align: justify;\">????Tishreen venci\u00f3 a Al-Horreya y conserva su liderazgo en la Liga Nacional de F\u00fatbol.<\/p>\n<p style=\"text-align: justify;\"><span style=\"color: #0000ff;\"><strong>fm\/ws<\/strong><\/span><\/p>\n","protected":false},"excerpt":{"rendered":"<p>Damasco , SANA\u00a0 ????Comienzan jornadas de la Cultura Siria bajo el lema \u201cmi cultura es mi identidad\u201d ????Damasco homenajea a la legendaria cantante Fairuz ????Deir Ezzor acoge actividades del Foro de Arte Pl\u00e1stico ????Confirman 70 nuevos casos de Covid-19 en Siria ????Siria y Abjasia abogan por desarrollar las relaciones de cooperaci\u00f3n ????Cancilleres de Rusia y &hellip;<\/p>\n","protected":false},"author":35,"featured_media":160548,"comment_status":"closed","ping_status":"closed","sticky":false,"template":"","format":"standard","meta":{"footnotes":""},"categories":[447,555,597,7541],"tags":[],"class_list":["post-160547","post","type-post","status-publish","format-standard","has-post-thumbnail","","category-local-politica","category-prensa","category-cinta-de-noticias","category-ultimas-noticias"],"_links":{"self":[{"href":"https:\/\/archive.sana.sy\/es\/index.php?rest_route=\/wp\/v2\/posts\/160547"}],"collection":[{"href":"https:\/\/archive.sana.sy\/es\/index.php?rest_route=\/wp\/v2\/posts"}],"about":[{"href":"https:\/\/archive.sana.sy\/es\/index.php?rest_route=\/wp\/v2\/types\/post"}],"author":[{"embeddable":true,"href":"https:\/\/archive.sana.sy\/es\/index.php?rest_route=\/wp\/v2\/users\/35"}],"replies":[{"embeddable":true,"href":"https:\/\/archive.sana.sy\/es\/index.php?rest_route=%2Fwp%2Fv2%2Fcomments&post=160547"}],"version-history":[{"count":0,"href":"https:\/\/archive.sana.sy\/es\/index.php?rest_route=\/wp\/v2\/posts\/160547\/revisions"}],"wp:featuredmedia":[{"embeddable":true,"href":"https:\/\/archive.sana.sy\/es\/index.php?rest_route=\/wp\/v2\/media\/160548"}],"wp:attachment":[{"href":"https:\/\/archive.sana.sy\/es\/index.php?rest_route=%2Fwp%2Fv2%2Fmedia&parent=160547"}],"wp:term":[{"taxonomy":"category","embeddable":true,"href":"https:\/\/archive.sana.sy\/es\/index.php?rest_route=%2Fwp%2Fv2%2Fcategories&post=160547"},{"taxonomy":"post_tag","embeddable":true,"href":"https:\/\/archive.sana.sy\/es\/index.php?rest_route=%2Fwp%2Fv2%2Ftags&post=160547"}],"curies":[{"name":"wp","href":"https:\/\/api.w.org\/{rel}","templated":true}]}}