{"id":160552,"date":"2020-11-24T11:10:43","date_gmt":"2020-11-24T09:10:43","guid":{"rendered":"http:\/\/107.6.182.27\/es\/?p=160552"},"modified":"2023-01-12T14:42:38","modified_gmt":"2023-01-12T12:42:38","slug":"erdogan-convirtio-a-turquia-en-estado-imperialista-agresivo-afirma-sitio-checo","status":"publish","type":"post","link":"https:\/\/archive.sana.sy\/es\/?p=160552","title":{"rendered":"Erdogan convirti\u00f3 a Turqu\u00eda en estado imperialista agresivo, afirma sitio checo"},"content":{"rendered":"<p style=\"text-align: justify;\"><strong><span style=\"color: #800000;\">Praga, SANA<\/span> <\/strong><\/p>\n<p style=\"text-align: justify;\">El sitio web checo &#8220;Urabia&#8221; public\u00f3 un informe en la que afirma que Turqu\u00eda se convirti\u00f3 en estado imperialista y agresivo bajo el r\u00e9gimen de Recep Tayyip Erdogan.<\/p>\n<p style=\"text-align: justify;\">El informe conden\u00f3 los cr\u00edmenes cometidos por el r\u00e9gimen turco contra Siria, Libia, las islas griegas, y la regi\u00f3n de Nagorno Karabaj.<\/p>\n<p style=\"text-align: justify;\">Agreg\u00f3 que la agresiva pol\u00edtica expansionista de este r\u00e9gimen representa ahora una de las mayores amenazas para todos los pueblos porque busca lograr sus ambiciones utilizando la violencia.<\/p>\n<p style=\"text-align: justify;\"><span style=\"color: #0000ff;\"><strong>ws\/fm<\/strong><\/span><\/p>\n","protected":false},"excerpt":{"rendered":"<p>Praga, SANA El sitio web checo &#8220;Urabia&#8221; public\u00f3 un informe en la que afirma que Turqu\u00eda se convirti\u00f3 en estado imperialista y agresivo bajo el r\u00e9gimen de Recep Tayyip Erdogan. El informe conden\u00f3 los cr\u00edmenes cometidos por el r\u00e9gimen turco contra Siria, Libia, las islas griegas, y la regi\u00f3n de Nagorno Karabaj. Agreg\u00f3 que la &hellip;<\/p>\n","protected":false},"author":35,"featured_media":160553,"comment_status":"closed","ping_status":"closed","sticky":false,"template":"","format":"standard","meta":{"footnotes":""},"categories":[597,456,7541],"tags":[],"class_list":["post-160552","post","type-post","status-publish","format-standard","has-post-thumbnail","","category-cinta-de-noticias","category-arabe-internacional-politica","category-ultimas-noticias"],"_links":{"self":[{"href":"https:\/\/archive.sana.sy\/es\/index.php?rest_route=\/wp\/v2\/posts\/160552"}],"collection":[{"href":"https:\/\/archive.sana.sy\/es\/index.php?rest_route=\/wp\/v2\/posts"}],"about":[{"href":"https:\/\/archive.sana.sy\/es\/index.php?rest_route=\/wp\/v2\/types\/post"}],"author":[{"embeddable":true,"href":"https:\/\/archive.sana.sy\/es\/index.php?rest_route=\/wp\/v2\/users\/35"}],"replies":[{"embeddable":true,"href":"https:\/\/archive.sana.sy\/es\/index.php?rest_route=%2Fwp%2Fv2%2Fcomments&post=160552"}],"version-history":[{"count":0,"href":"https:\/\/archive.sana.sy\/es\/index.php?rest_route=\/wp\/v2\/posts\/160552\/revisions"}],"wp:featuredmedia":[{"embeddable":true,"href":"https:\/\/archive.sana.sy\/es\/index.php?rest_route=\/wp\/v2\/media\/160553"}],"wp:attachment":[{"href":"https:\/\/archive.sana.sy\/es\/index.php?rest_route=%2Fwp%2Fv2%2Fmedia&parent=160552"}],"wp:term":[{"taxonomy":"category","embeddable":true,"href":"https:\/\/archive.sana.sy\/es\/index.php?rest_route=%2Fwp%2Fv2%2Fcategories&post=160552"},{"taxonomy":"post_tag","embeddable":true,"href":"https:\/\/archive.sana.sy\/es\/index.php?rest_route=%2Fwp%2Fv2%2Ftags&post=160552"}],"curies":[{"name":"wp","href":"https:\/\/api.w.org\/{rel}","templated":true}]}}