{"id":160566,"date":"2020-11-24T13:21:51","date_gmt":"2020-11-24T11:21:51","guid":{"rendered":"http:\/\/107.6.182.27\/es\/?p=160566"},"modified":"2020-11-24T14:45:04","modified_gmt":"2020-11-24T12:45:04","slug":"un-coche-bomba-estalla-en-la-ciudad-de-al-bab-en-el-norte-de-alepo","status":"publish","type":"post","link":"https:\/\/archive.sana.sy\/es\/?p=160566","title":{"rendered":"Mueren cinco terroristas entre ellos un cabecilla, \u00a0por explosi\u00f3n de un coche bomba en Al-Bab, Alepo"},"content":{"rendered":"<p style=\"text-align: justify;\"><strong><span style=\"color: #800000;\">Alepo, SANA<\/span><\/strong><\/p>\n<p style=\"text-align: justify;\">Un coche bomba explot\u00f3 hoy en el ciudad de Al-Bab en el norte de Alepo, ocupada por grupos terroristas y fuerzas de ocupaci\u00f3n turcas.<\/p>\n<p style=\"text-align: justify;\">Seg\u00fan reportan activistas locales, la explosi\u00f3n caus\u00f3 la muerte de cinco terroristas, entre ellos un cabecilla, mientras otros 18, entre ellos hay civiles, resultaron heridos, adem\u00e1s de ocasionar grandes da\u00f1os materiales en el lugar.<\/p>\n<p style=\"text-align: justify;\">&#8220;Grupos de las fuerzas de ocupaci\u00f3n turcas y sus mercenarios se desplegaron en el lugar, y a\u00fan no se confirm\u00f3 si hubo bajas entre sus filas&#8221;, agregaron las fuentes.<\/p>\n<p style=\"text-align: justify;\">El d\u00eda 7 de este mes, una bomba colocada en un autom\u00f3vil explot\u00f3 en Al-Bab y mat\u00f3 a tres mercenarios del r\u00e9gimen turco.<\/p>\n<p style=\"text-align: justify;\"><span style=\"color: #0000ff;\"><strong>fm\/ws<\/strong><\/span><\/p>\n","protected":false},"excerpt":{"rendered":"<p>Alepo, SANA Un coche bomba explot\u00f3 hoy en el ciudad de Al-Bab en el norte de Alepo, ocupada por grupos terroristas y fuerzas de ocupaci\u00f3n turcas. Seg\u00fan reportan activistas locales, la explosi\u00f3n caus\u00f3 la muerte de cinco terroristas, entre ellos un cabecilla, mientras otros 18, entre ellos hay civiles, resultaron heridos, adem\u00e1s de ocasionar grandes &hellip;<\/p>\n","protected":false},"author":35,"featured_media":160567,"comment_status":"closed","ping_status":"closed","sticky":false,"template":"","format":"standard","meta":{"footnotes":""},"categories":[477,597,573,476,7541],"tags":[],"class_list":["post-160566","post","type-post","status-publish","format-standard","has-post-thumbnail","","category-noticias-edulcorantes","category-cinta-de-noticias","category-la-realidad-de-los-acontecimientos-en-siria","category-locales","category-ultimas-noticias"],"_links":{"self":[{"href":"https:\/\/archive.sana.sy\/es\/index.php?rest_route=\/wp\/v2\/posts\/160566"}],"collection":[{"href":"https:\/\/archive.sana.sy\/es\/index.php?rest_route=\/wp\/v2\/posts"}],"about":[{"href":"https:\/\/archive.sana.sy\/es\/index.php?rest_route=\/wp\/v2\/types\/post"}],"author":[{"embeddable":true,"href":"https:\/\/archive.sana.sy\/es\/index.php?rest_route=\/wp\/v2\/users\/35"}],"replies":[{"embeddable":true,"href":"https:\/\/archive.sana.sy\/es\/index.php?rest_route=%2Fwp%2Fv2%2Fcomments&post=160566"}],"version-history":[{"count":0,"href":"https:\/\/archive.sana.sy\/es\/index.php?rest_route=\/wp\/v2\/posts\/160566\/revisions"}],"wp:featuredmedia":[{"embeddable":true,"href":"https:\/\/archive.sana.sy\/es\/index.php?rest_route=\/wp\/v2\/media\/160567"}],"wp:attachment":[{"href":"https:\/\/archive.sana.sy\/es\/index.php?rest_route=%2Fwp%2Fv2%2Fmedia&parent=160566"}],"wp:term":[{"taxonomy":"category","embeddable":true,"href":"https:\/\/archive.sana.sy\/es\/index.php?rest_route=%2Fwp%2Fv2%2Fcategories&post=160566"},{"taxonomy":"post_tag","embeddable":true,"href":"https:\/\/archive.sana.sy\/es\/index.php?rest_route=%2Fwp%2Fv2%2Ftags&post=160566"}],"curies":[{"name":"wp","href":"https:\/\/api.w.org\/{rel}","templated":true}]}}