{"id":160630,"date":"2020-11-24T20:19:36","date_gmt":"2020-11-24T18:19:36","guid":{"rendered":"http:\/\/107.6.182.27\/es\/?p=160630"},"modified":"2020-11-25T08:17:44","modified_gmt":"2020-11-25T06:17:44","slug":"siria-e-iran-conversan-sobre-cooperacion-cientifica","status":"publish","type":"post","link":"https:\/\/archive.sana.sy\/es\/?p=160630","title":{"rendered":"Siria e Ir\u00e1n conversan sobre cooperaci\u00f3n cient\u00edfica"},"content":{"rendered":"<p><span style=\"color: #800000;\">Damasco, SANA<\/span><\/p>\n<p style=\"text-align: justify;\">La Universidad de Damasco acogi\u00f3 una sesi\u00f3n de conversaciones presididas por Muhammad Yasar Abdeen, rector de la Universidad, y Behrouz Badko, jefe del Departamento de Asuntos Econ\u00f3micos y Comerciales de la Fundaci\u00f3n Acad\u00e9mica iran\u00ed Jihad.<\/p>\n<p style=\"text-align: justify;\">Las charlas abordaron las formas de desarrollar las relaciones de cooperaci\u00f3n cient\u00edfica e investigativa entre ambas partes.<\/p>\n<p style=\"text-align: justify;\">Abdeen destac\u00f3 la importancia de establecer relaciones acad\u00e9micas entre la Universidad de Damasco y la Fundaci\u00f3n Jihad en varios campos cient\u00edficos, tecnol\u00f3gicos, m\u00e9dicos y de ingenier\u00eda, y destac\u00f3 que la investigaci\u00f3n cient\u00edfica representa actualmente un objetivo principal de la Universidad de Damasco.<\/p>\n<p style=\"text-align: justify;\">Asimismo, se\u00f1al\u00f3 que la universidad est\u00e1 trabajando actualmente en el establecimiento de proyectos de investigaci\u00f3n en especialidades cient\u00edficas.<\/p>\n<p style=\"text-align: justify;\">A su vez, Badko indic\u00f3 que la entidad que preside presta gran inter\u00e9s a la ciencia, el desarrollo tecnol\u00f3gico y la preparaci\u00f3n de cuadros humanos en diversas especialidades cient\u00edficas y de investigaci\u00f3n.<\/p>\n<p style=\"text-align: justify;\">Adem\u00e1s, expres\u00f3 la disposici\u00f3n a cooperar con la Universidad de Damasco en diferentes campos cient\u00edficos, m\u00e9dicos y de ingenier\u00eda.<\/p>\n<p style=\"text-align: justify;\">Las dos partes acordaron elaborar una hoja de ruta para la cooperaci\u00f3n futura a fin de llegar a un acuerdo conjunto.<\/p>\n<p><span style=\"color: #0000ff;\"><strong>mm\/fm\/ws<\/strong><\/span><\/p>\n","protected":false},"excerpt":{"rendered":"<p>Damasco, SANA La Universidad de Damasco acogi\u00f3 una sesi\u00f3n de conversaciones presididas por Muhammad Yasar Abdeen, rector de la Universidad, y Behrouz Badko, jefe del Departamento de Asuntos Econ\u00f3micos y Comerciales de la Fundaci\u00f3n Acad\u00e9mica iran\u00ed Jihad. Las charlas abordaron las formas de desarrollar las relaciones de cooperaci\u00f3n cient\u00edfica e investigativa entre ambas partes. Abdeen &hellip;<\/p>\n","protected":false},"author":36,"featured_media":160633,"comment_status":"closed","ping_status":"closed","sticky":false,"template":"","format":"standard","meta":{"footnotes":""},"categories":[597,467],"tags":[],"class_list":["post-160630","post","type-post","status-publish","format-standard","has-post-thumbnail","","category-cinta-de-noticias","category-siria-y-el-mundo"],"_links":{"self":[{"href":"https:\/\/archive.sana.sy\/es\/index.php?rest_route=\/wp\/v2\/posts\/160630"}],"collection":[{"href":"https:\/\/archive.sana.sy\/es\/index.php?rest_route=\/wp\/v2\/posts"}],"about":[{"href":"https:\/\/archive.sana.sy\/es\/index.php?rest_route=\/wp\/v2\/types\/post"}],"author":[{"embeddable":true,"href":"https:\/\/archive.sana.sy\/es\/index.php?rest_route=\/wp\/v2\/users\/36"}],"replies":[{"embeddable":true,"href":"https:\/\/archive.sana.sy\/es\/index.php?rest_route=%2Fwp%2Fv2%2Fcomments&post=160630"}],"version-history":[{"count":0,"href":"https:\/\/archive.sana.sy\/es\/index.php?rest_route=\/wp\/v2\/posts\/160630\/revisions"}],"wp:featuredmedia":[{"embeddable":true,"href":"https:\/\/archive.sana.sy\/es\/index.php?rest_route=\/wp\/v2\/media\/160633"}],"wp:attachment":[{"href":"https:\/\/archive.sana.sy\/es\/index.php?rest_route=%2Fwp%2Fv2%2Fmedia&parent=160630"}],"wp:term":[{"taxonomy":"category","embeddable":true,"href":"https:\/\/archive.sana.sy\/es\/index.php?rest_route=%2Fwp%2Fv2%2Fcategories&post=160630"},{"taxonomy":"post_tag","embeddable":true,"href":"https:\/\/archive.sana.sy\/es\/index.php?rest_route=%2Fwp%2Fv2%2Ftags&post=160630"}],"curies":[{"name":"wp","href":"https:\/\/api.w.org\/{rel}","templated":true}]}}