{"id":160635,"date":"2020-11-24T20:59:17","date_gmt":"2020-11-24T18:59:17","guid":{"rendered":"http:\/\/107.6.182.27\/es\/?p=160635"},"modified":"2023-01-12T14:42:38","modified_gmt":"2023-01-12T12:42:38","slug":"fuerzas-israelies-arrasan-tierras-palestinas-al-oeste-de-salfit","status":"publish","type":"post","link":"https:\/\/archive.sana.sy\/es\/?p=160635","title":{"rendered":"Fuerzas israel\u00edes arrasan tierras palestinas al oeste de Salfit"},"content":{"rendered":"<p><span style=\"color: #800000;\">Jerusal\u00e9n Ocupada, SANA<\/span><\/p>\n<p style=\"text-align: justify;\">Este martes, las fuerzas de ocupaci\u00f3n israel\u00edes asaltaron las tierras palestinas al oeste de Salfit en Cisjordania y arrasaron \u00e1reas de las mismas.<\/p>\n<p style=\"text-align: justify;\">La agencia de noticias palestina Wafa inform\u00f3 que las tropas israel\u00edes arrasaron tierras palestinas en el \u00e1rea de Khallet Alayyan, al oeste de Salfit, bajo el pretexto de construir una carretera.<\/p>\n<p style=\"text-align: justify;\">Como parte de su plan de agresi\u00f3n y judaizaci\u00f3n para desplazar a los palestinos, las autoridades ocupantes intensifican sus planes de asentamiento y se apoderan de tierras palestinas en Cisjordania, ignorando las resoluciones internacionales que confirman la ilegalidad de los asentamientos en los territorios palestinos ocupados.<\/p>\n<p><em>mm<\/em><\/p>\n","protected":false},"excerpt":{"rendered":"<p>Jerusal\u00e9n Ocupada, SANA Este martes, las fuerzas de ocupaci\u00f3n israel\u00edes asaltaron las tierras palestinas al oeste de Salfit en Cisjordania y arrasaron \u00e1reas de las mismas. La agencia de noticias palestina Wafa inform\u00f3 que las tropas israel\u00edes arrasaron tierras palestinas en el \u00e1rea de Khallet Alayyan, al oeste de Salfit, bajo el pretexto de construir &hellip;<\/p>\n","protected":false},"author":36,"featured_media":160636,"comment_status":"closed","ping_status":"closed","sticky":false,"template":"","format":"standard","meta":{"footnotes":""},"categories":[456,457],"tags":[],"class_list":["post-160635","post","type-post","status-publish","format-standard","has-post-thumbnail","","category-arabe-internacional-politica","category-noticias-arabe-internacional-politica"],"_links":{"self":[{"href":"https:\/\/archive.sana.sy\/es\/index.php?rest_route=\/wp\/v2\/posts\/160635"}],"collection":[{"href":"https:\/\/archive.sana.sy\/es\/index.php?rest_route=\/wp\/v2\/posts"}],"about":[{"href":"https:\/\/archive.sana.sy\/es\/index.php?rest_route=\/wp\/v2\/types\/post"}],"author":[{"embeddable":true,"href":"https:\/\/archive.sana.sy\/es\/index.php?rest_route=\/wp\/v2\/users\/36"}],"replies":[{"embeddable":true,"href":"https:\/\/archive.sana.sy\/es\/index.php?rest_route=%2Fwp%2Fv2%2Fcomments&post=160635"}],"version-history":[{"count":0,"href":"https:\/\/archive.sana.sy\/es\/index.php?rest_route=\/wp\/v2\/posts\/160635\/revisions"}],"wp:featuredmedia":[{"embeddable":true,"href":"https:\/\/archive.sana.sy\/es\/index.php?rest_route=\/wp\/v2\/media\/160636"}],"wp:attachment":[{"href":"https:\/\/archive.sana.sy\/es\/index.php?rest_route=%2Fwp%2Fv2%2Fmedia&parent=160635"}],"wp:term":[{"taxonomy":"category","embeddable":true,"href":"https:\/\/archive.sana.sy\/es\/index.php?rest_route=%2Fwp%2Fv2%2Fcategories&post=160635"},{"taxonomy":"post_tag","embeddable":true,"href":"https:\/\/archive.sana.sy\/es\/index.php?rest_route=%2Fwp%2Fv2%2Ftags&post=160635"}],"curies":[{"name":"wp","href":"https:\/\/api.w.org\/{rel}","templated":true}]}}