{"id":160641,"date":"2020-11-25T06:40:19","date_gmt":"2020-11-25T04:40:19","guid":{"rendered":"http:\/\/107.6.182.27\/es\/?p=160641"},"modified":"2023-01-10T14:31:07","modified_gmt":"2023-01-10T12:31:07","slug":"una-agresion-israeli-contra-el-sur-de-damasco-provoco-perdidas-materiales","status":"publish","type":"post","link":"https:\/\/archive.sana.sy\/es\/?p=160641","title":{"rendered":"Una agresi\u00f3n israel\u00ed contra el sur de Damasco provoc\u00f3 p\u00e9rdidas materiales"},"content":{"rendered":"<p style=\"text-align: justify;\"><span style=\"color: #800000;\"><strong>Damasco-campo, SANA<\/strong><\/span><\/p>\n<p style=\"text-align: justify;\">El enemigo sionista lanz\u00f3 una agresi\u00f3n a\u00e9rea contra el sur de Damasco, y los da\u00f1os se limitaron a materiales.<\/p>\n<p style=\"text-align: justify;\">&#8220;A las 23:50 horas de la noche del 24 de este mes, el enemigo sionista lanz\u00f3 un ataque a\u00e9reo de la direcci\u00f3n del Gol\u00e1n sirio ocupado contra\u00a0 el sur de Damasco, y las p\u00e9rdidas se limitaron a materiales&#8221;, comunic\u00f3 una fuente militar a SANA.<\/p>\n<p style=\"text-align: justify;\">El d\u00eda 18 de este mes, los medios de defensa a\u00e9rea del Ej\u00e9rcito \u00c1rabe Sirio actuaron contra una agresi\u00f3n israel\u00ed en la regi\u00f3n sur y derribaron varios misiles israel\u00edes.<\/p>\n<p style=\"text-align: justify;\">Durante los a\u00f1os de la guerra terrorista contra Siria, \u201cIsrael\u201d lanz\u00f3 varios ataques a\u00e9reos a los que respondieron nuestros medios de defensa a\u00e9rea y derribaron la mayor\u00eda de los misiles.<\/p>\n<p style=\"text-align: justify;\"><span style=\"color: #0000ff;\"><em><strong>fm<\/strong><\/em><\/span><\/p>\n","protected":false},"excerpt":{"rendered":"<p>Damasco-campo, SANA El enemigo sionista lanz\u00f3 una agresi\u00f3n a\u00e9rea contra el sur de Damasco, y los da\u00f1os se limitaron a materiales. &#8220;A las 23:50 horas de la noche del 24 de este mes, el enemigo sionista lanz\u00f3 un ataque a\u00e9reo de la direcci\u00f3n del Gol\u00e1n sirio ocupado contra\u00a0 el sur de Damasco, y las p\u00e9rdidas &hellip;<\/p>\n","protected":false},"author":34,"featured_media":160642,"comment_status":"closed","ping_status":"closed","sticky":false,"template":"","format":"standard","meta":{"footnotes":""},"categories":[447,477,597,573,476,457,7541],"tags":[],"class_list":["post-160641","post","type-post","status-publish","format-standard","has-post-thumbnail","","category-local-politica","category-noticias-edulcorantes","category-cinta-de-noticias","category-la-realidad-de-los-acontecimientos-en-siria","category-locales","category-noticias-arabe-internacional-politica","category-ultimas-noticias"],"_links":{"self":[{"href":"https:\/\/archive.sana.sy\/es\/index.php?rest_route=\/wp\/v2\/posts\/160641"}],"collection":[{"href":"https:\/\/archive.sana.sy\/es\/index.php?rest_route=\/wp\/v2\/posts"}],"about":[{"href":"https:\/\/archive.sana.sy\/es\/index.php?rest_route=\/wp\/v2\/types\/post"}],"author":[{"embeddable":true,"href":"https:\/\/archive.sana.sy\/es\/index.php?rest_route=\/wp\/v2\/users\/34"}],"replies":[{"embeddable":true,"href":"https:\/\/archive.sana.sy\/es\/index.php?rest_route=%2Fwp%2Fv2%2Fcomments&post=160641"}],"version-history":[{"count":0,"href":"https:\/\/archive.sana.sy\/es\/index.php?rest_route=\/wp\/v2\/posts\/160641\/revisions"}],"wp:featuredmedia":[{"embeddable":true,"href":"https:\/\/archive.sana.sy\/es\/index.php?rest_route=\/wp\/v2\/media\/160642"}],"wp:attachment":[{"href":"https:\/\/archive.sana.sy\/es\/index.php?rest_route=%2Fwp%2Fv2%2Fmedia&parent=160641"}],"wp:term":[{"taxonomy":"category","embeddable":true,"href":"https:\/\/archive.sana.sy\/es\/index.php?rest_route=%2Fwp%2Fv2%2Fcategories&post=160641"},{"taxonomy":"post_tag","embeddable":true,"href":"https:\/\/archive.sana.sy\/es\/index.php?rest_route=%2Fwp%2Fv2%2Ftags&post=160641"}],"curies":[{"name":"wp","href":"https:\/\/api.w.org\/{rel}","templated":true}]}}