{"id":160773,"date":"2020-11-26T09:54:44","date_gmt":"2020-11-26T07:54:44","guid":{"rendered":"http:\/\/107.6.182.27\/es\/?p=160773"},"modified":"2020-11-26T09:54:44","modified_gmt":"2020-11-26T07:54:44","slug":"pakistan-entrega-obsequio-a-afectados-por-incendios-en-latakia","status":"publish","type":"post","link":"https:\/\/archive.sana.sy\/es\/?p=160773","title":{"rendered":"Pakist\u00e1n entrega obsequio a afectados por incendios en Latakia"},"content":{"rendered":"<p style=\"text-align: justify;\"><span style=\"color: #800000;\"><strong>Latakia, SANA<\/strong><\/span><\/p>\n<p style=\"text-align: justify;\">La gobernaci\u00f3n de Latakia recibi\u00f3 un obsequio de la Escuela Internacional Pakistan\u00ed en Damasco el cual fue entregado por el embajador de la Rep\u00fablica Isl\u00e1mica de Pakist\u00e1n en Damasco, Saeed Muhammad Khan.<\/p>\n<p style=\"text-align: justify;\">La entrega del obsequio forma parte de la campa\u00f1a lanzada por el personal docente de la referida escuela bajo la supervisi\u00f3n de la embajada pakistan\u00ed para apoyar los ciudadanos afectados por los incendios que asolaron recientemente a tres provincias sirias.<\/p>\n<p style=\"text-align: justify;\">El obsequio incluy\u00f3 art\u00edculos escolares, pupitres, uniformes, alimentos y material de oficina, adem\u00e1s de una suma de cinco millones de libras sirias.<\/p>\n<p style=\"text-align: justify;\">El gobernador de Latakia, Ibrahim Khader Al-Salem, coment\u00f3 en el acto de entrega del obsequio que Pakist\u00e1n siempre ha apoyado a Siria y sus derechos, especialmente durante la guerra terrorista.<\/p>\n<p style=\"text-align: justify;\">Agreg\u00f3 que esta iniciativa refleja la profundidad de las relaciones y la amistad que une a los dos pueblos.<\/p>\n<p style=\"text-align: justify;\">El embajador Khan destac\u00f3, por su parte, que el gobierno de su pa\u00eds concede gran importancia a las distinguidas y fraternales relaciones con Siria y busca siempre fortalecer los lazos de cooperaci\u00f3n y relaciones entre los dos pueblos y gobiernos.<\/p>\n<p style=\"text-align: justify;\">Revel\u00f3 que tras los incendios en la provincia de Latakia, se recibieron indicaciones inmediatas del gobierno paquistan\u00ed para proporcionar lo que se pueda para aliviar los impactos de los incendios en los afectados.<\/p>\n<p style=\"text-align: justify;\"><strong><span style=\"color: #0000ff;\">ed\/fm<\/span><\/strong><\/p>\n<div id='gallery-1' class='gallery galleryid-160773 gallery-columns-1 gallery-size-full'><figure class='gallery-item'>\n\t\t\t<div class='gallery-icon landscape'>\n\t\t\t\t<a href='https:\/\/archive.sana.sy\/es\/wp-content\/uploads\/2020\/11\/14-123.jpg'><img loading=\"lazy\" decoding=\"async\" width=\"660\" height=\"441\" src=\"https:\/\/archive.sana.sy\/es\/wp-content\/uploads\/2020\/11\/14-123.jpg\" class=\"attachment-full size-full\" alt=\"\" srcset=\"https:\/\/archive.sana.sy\/es\/wp-content\/uploads\/2020\/11\/14-123.jpg 660w, https:\/\/archive.sana.sy\/es\/wp-content\/uploads\/2020\/11\/14-123-300x200.jpg 300w, https:\/\/archive.sana.sy\/es\/wp-content\/uploads\/2020\/11\/14-123-150x100.jpg 150w, https:\/\/archive.sana.sy\/es\/wp-content\/uploads\/2020\/11\/14-123-110x75.jpg 110w\" sizes=\"(max-width: 660px) 100vw, 660px\" \/><\/a>\n\t\t\t<\/div><\/figure><figure class='gallery-item'>\n\t\t\t<div class='gallery-icon landscape'>\n\t\t\t\t<a href='https:\/\/archive.sana.sy\/es\/wp-content\/uploads\/2020\/11\/11-161.jpg'><img loading=\"lazy\" decoding=\"async\" width=\"660\" height=\"429\" src=\"https:\/\/archive.sana.sy\/es\/wp-content\/uploads\/2020\/11\/11-161.jpg\" class=\"attachment-full size-full\" alt=\"\" srcset=\"https:\/\/archive.sana.sy\/es\/wp-content\/uploads\/2020\/11\/11-161.jpg 660w, https:\/\/archive.sana.sy\/es\/wp-content\/uploads\/2020\/11\/11-161-300x195.jpg 300w, https:\/\/archive.sana.sy\/es\/wp-content\/uploads\/2020\/11\/11-161-150x98.jpg 150w\" sizes=\"(max-width: 660px) 100vw, 660px\" \/><\/a>\n\t\t\t<\/div><\/figure><figure class='gallery-item'>\n\t\t\t<div class='gallery-icon landscape'>\n\t\t\t\t<a href='https:\/\/archive.sana.sy\/es\/wp-content\/uploads\/2020\/11\/15-117.jpg'><img loading=\"lazy\" decoding=\"async\" width=\"660\" height=\"423\" src=\"https:\/\/archive.sana.sy\/es\/wp-content\/uploads\/2020\/11\/15-117.jpg\" class=\"attachment-full size-full\" alt=\"\" srcset=\"https:\/\/archive.sana.sy\/es\/wp-content\/uploads\/2020\/11\/15-117.jpg 660w, https:\/\/archive.sana.sy\/es\/wp-content\/uploads\/2020\/11\/15-117-300x192.jpg 300w, https:\/\/archive.sana.sy\/es\/wp-content\/uploads\/2020\/11\/15-117-150x96.jpg 150w\" sizes=\"(max-width: 660px) 100vw, 660px\" \/><\/a>\n\t\t\t<\/div><\/figure><figure class='gallery-item'>\n\t\t\t<div class='gallery-icon landscape'>\n\t\t\t\t<a href='https:\/\/archive.sana.sy\/es\/wp-content\/uploads\/2020\/11\/16-97.jpg'><img loading=\"lazy\" decoding=\"async\" width=\"660\" height=\"446\" src=\"https:\/\/archive.sana.sy\/es\/wp-content\/uploads\/2020\/11\/16-97.jpg\" class=\"attachment-full size-full\" alt=\"\" srcset=\"https:\/\/archive.sana.sy\/es\/wp-content\/uploads\/2020\/11\/16-97.jpg 660w, https:\/\/archive.sana.sy\/es\/wp-content\/uploads\/2020\/11\/16-97-300x203.jpg 300w, https:\/\/archive.sana.sy\/es\/wp-content\/uploads\/2020\/11\/16-97-150x101.jpg 150w, https:\/\/archive.sana.sy\/es\/wp-content\/uploads\/2020\/11\/16-97-110x75.jpg 110w\" sizes=\"(max-width: 660px) 100vw, 660px\" \/><\/a>\n\t\t\t<\/div><\/figure><figure class='gallery-item'>\n\t\t\t<div class='gallery-icon landscape'>\n\t\t\t\t<a href='https:\/\/archive.sana.sy\/es\/wp-content\/uploads\/2020\/11\/13-130.jpg'><img loading=\"lazy\" decoding=\"async\" width=\"660\" height=\"440\" src=\"https:\/\/archive.sana.sy\/es\/wp-content\/uploads\/2020\/11\/13-130.jpg\" class=\"attachment-full size-full\" alt=\"\" srcset=\"https:\/\/archive.sana.sy\/es\/wp-content\/uploads\/2020\/11\/13-130.jpg 660w, https:\/\/archive.sana.sy\/es\/wp-content\/uploads\/2020\/11\/13-130-300x200.jpg 300w, https:\/\/archive.sana.sy\/es\/wp-content\/uploads\/2020\/11\/13-130-150x100.jpg 150w\" sizes=\"(max-width: 660px) 100vw, 660px\" \/><\/a>\n\t\t\t<\/div><\/figure>\n\t\t<\/div>\n\n","protected":false},"excerpt":{"rendered":"<p>Latakia, SANA La gobernaci\u00f3n de Latakia recibi\u00f3 un obsequio de la Escuela Internacional Pakistan\u00ed en Damasco el cual fue entregado por el embajador de la Rep\u00fablica Isl\u00e1mica de Pakist\u00e1n en Damasco, Saeed Muhammad Khan. La entrega del obsequio forma parte de la campa\u00f1a lanzada por el personal docente de la referida escuela bajo la supervisi\u00f3n &hellip;<\/p>\n","protected":false},"author":32,"featured_media":160774,"comment_status":"closed","ping_status":"closed","sticky":false,"template":"","format":"standard","meta":{"footnotes":""},"categories":[477,597,476,7541],"tags":[],"class_list":["post-160773","post","type-post","status-publish","format-standard","has-post-thumbnail","","category-noticias-edulcorantes","category-cinta-de-noticias","category-locales","category-ultimas-noticias"],"_links":{"self":[{"href":"https:\/\/archive.sana.sy\/es\/index.php?rest_route=\/wp\/v2\/posts\/160773"}],"collection":[{"href":"https:\/\/archive.sana.sy\/es\/index.php?rest_route=\/wp\/v2\/posts"}],"about":[{"href":"https:\/\/archive.sana.sy\/es\/index.php?rest_route=\/wp\/v2\/types\/post"}],"author":[{"embeddable":true,"href":"https:\/\/archive.sana.sy\/es\/index.php?rest_route=\/wp\/v2\/users\/32"}],"replies":[{"embeddable":true,"href":"https:\/\/archive.sana.sy\/es\/index.php?rest_route=%2Fwp%2Fv2%2Fcomments&post=160773"}],"version-history":[{"count":0,"href":"https:\/\/archive.sana.sy\/es\/index.php?rest_route=\/wp\/v2\/posts\/160773\/revisions"}],"wp:featuredmedia":[{"embeddable":true,"href":"https:\/\/archive.sana.sy\/es\/index.php?rest_route=\/wp\/v2\/media\/160774"}],"wp:attachment":[{"href":"https:\/\/archive.sana.sy\/es\/index.php?rest_route=%2Fwp%2Fv2%2Fmedia&parent=160773"}],"wp:term":[{"taxonomy":"category","embeddable":true,"href":"https:\/\/archive.sana.sy\/es\/index.php?rest_route=%2Fwp%2Fv2%2Fcategories&post=160773"},{"taxonomy":"post_tag","embeddable":true,"href":"https:\/\/archive.sana.sy\/es\/index.php?rest_route=%2Fwp%2Fv2%2Ftags&post=160773"}],"curies":[{"name":"wp","href":"https:\/\/api.w.org\/{rel}","templated":true}]}}