{"id":160914,"date":"2020-11-27T12:13:48","date_gmt":"2020-11-27T10:13:48","guid":{"rendered":"http:\/\/107.6.182.27\/es\/?p=160914"},"modified":"2020-11-27T12:13:48","modified_gmt":"2020-11-27T10:13:48","slug":"atentado-con-coche-bomba-en-ras-al-ain-deja-entre-muertos-y-heridos-a-varios-terroristas-proturcos","status":"publish","type":"post","link":"https:\/\/archive.sana.sy\/es\/?p=160914","title":{"rendered":"Atentado con coche bomba en Ras al-Ain deja entre muertos y heridos a varios terroristas proturcos"},"content":{"rendered":"<p style=\"text-align: justify;\"><span style=\"color: #800000;\"><strong>Hasakeh, SANA<\/strong><\/span><\/p>\n<p style=\"text-align: justify;\">Varios mercenarios de la ocupaci\u00f3n turca perecieron mientras otros resultaron heridos por la explosi\u00f3n de un coche bomba en uno de sus puntos de control en las cercan\u00edas de la ocupada ciudad de Ras al-Ain en provincia siria de Hasakeh.<\/p>\n<p style=\"text-align: justify;\">\u201cUna coche bomba estall\u00f3 cerca de un punto de control de los mercenarios en el poblado de Tal Ganab en la campi\u00f1a oeste de Ras al-Ain dejando a varios de ellos entre muertos y heridos\u201d, informaron fuentes locales a SANA.<\/p>\n<p style=\"text-align: justify;\">El martes pasado, un semejante atentado en la ciudad de Efr\u00edn al noroeste de Alepo, mat\u00f3 e hiri\u00f3 a varios terroristas.<\/p>\n<p style=\"text-align: justify;\"><span style=\"color: #0000ff;\"><strong>ah\/fm<\/strong><\/span><\/p>\n","protected":false},"excerpt":{"rendered":"<p>Hasakeh, SANA Varios mercenarios de la ocupaci\u00f3n turca perecieron mientras otros resultaron heridos por la explosi\u00f3n de un coche bomba en uno de sus puntos de control en las cercan\u00edas de la ocupada ciudad de Ras al-Ain en provincia siria de Hasakeh. \u201cUna coche bomba estall\u00f3 cerca de un punto de control de los mercenarios &hellip;<\/p>\n","protected":false},"author":30,"featured_media":160915,"comment_status":"closed","ping_status":"closed","sticky":false,"template":"","format":"standard","meta":{"footnotes":""},"categories":[597,573,7541],"tags":[18528],"class_list":["post-160914","post","type-post","status-publish","format-standard","has-post-thumbnail","","category-cinta-de-noticias","category-la-realidad-de-los-acontecimientos-en-siria","category-ultimas-noticias","tag-atentado-con-coche-bomba-en-ras-al-ain-deja-entre-muertos-y-heridos-a-varios-terroristas-proturcos"],"_links":{"self":[{"href":"https:\/\/archive.sana.sy\/es\/index.php?rest_route=\/wp\/v2\/posts\/160914"}],"collection":[{"href":"https:\/\/archive.sana.sy\/es\/index.php?rest_route=\/wp\/v2\/posts"}],"about":[{"href":"https:\/\/archive.sana.sy\/es\/index.php?rest_route=\/wp\/v2\/types\/post"}],"author":[{"embeddable":true,"href":"https:\/\/archive.sana.sy\/es\/index.php?rest_route=\/wp\/v2\/users\/30"}],"replies":[{"embeddable":true,"href":"https:\/\/archive.sana.sy\/es\/index.php?rest_route=%2Fwp%2Fv2%2Fcomments&post=160914"}],"version-history":[{"count":0,"href":"https:\/\/archive.sana.sy\/es\/index.php?rest_route=\/wp\/v2\/posts\/160914\/revisions"}],"wp:featuredmedia":[{"embeddable":true,"href":"https:\/\/archive.sana.sy\/es\/index.php?rest_route=\/wp\/v2\/media\/160915"}],"wp:attachment":[{"href":"https:\/\/archive.sana.sy\/es\/index.php?rest_route=%2Fwp%2Fv2%2Fmedia&parent=160914"}],"wp:term":[{"taxonomy":"category","embeddable":true,"href":"https:\/\/archive.sana.sy\/es\/index.php?rest_route=%2Fwp%2Fv2%2Fcategories&post=160914"},{"taxonomy":"post_tag","embeddable":true,"href":"https:\/\/archive.sana.sy\/es\/index.php?rest_route=%2Fwp%2Fv2%2Ftags&post=160914"}],"curies":[{"name":"wp","href":"https:\/\/api.w.org\/{rel}","templated":true}]}}