{"id":160930,"date":"2020-11-27T14:46:26","date_gmt":"2020-11-27T12:46:26","guid":{"rendered":"http:\/\/107.6.182.27\/es\/?p=160930"},"modified":"2023-01-12T14:42:37","modified_gmt":"2023-01-12T12:42:37","slug":"ocupacion-israeli-lleva-a-cabo-una-campana-de-arrestos-de-palestinos-en-cisjordania","status":"publish","type":"post","link":"https:\/\/archive.sana.sy\/es\/?p=160930","title":{"rendered":"Ocupaci\u00f3n israel\u00ed lleva a cabo una campa\u00f1a de arrestos de palestinos en Cisjordania"},"content":{"rendered":"<p><span style=\"color: #800000;\">Jerusal\u00e9n ocupada, SANA<\/span><\/p>\n<p style=\"text-align: justify;\">Las fuerzas de ocupaci\u00f3n israel\u00edes arrestaron hoy a 8 palestinos en Cisjordania.<\/p>\n<p style=\"text-align: justify;\">Seg\u00fan report\u00f3 la agencia de noticias palestina Wafa, las tropas sionistas asaltaron la ciudad de Jenin y la ciudad de Beit Dajan en Nablus y el campo de Dheisheh en Bel\u00e9n y detuvieron a ocho palestinos.<\/p>\n<p style=\"text-align: justify;\">El jueves pasado, el ocupante israel\u00ed arrestaron a 25 palestinos en diferentes localidades de Cisjordania.<\/p>\n<p style=\"text-align: justify;\">Es de se\u00f1alar que Este tipo de campa\u00f1as de arresto se produce de manera peri\u00f3dica en el sector ocupado de Jerusal\u00e9n y Cisjordania.<\/p>\n<p><em>mm<\/em><\/p>\n","protected":false},"excerpt":{"rendered":"<p>Jerusal\u00e9n ocupada, SANA Las fuerzas de ocupaci\u00f3n israel\u00edes arrestaron hoy a 8 palestinos en Cisjordania. Seg\u00fan report\u00f3 la agencia de noticias palestina Wafa, las tropas sionistas asaltaron la ciudad de Jenin y la ciudad de Beit Dajan en Nablus y el campo de Dheisheh en Bel\u00e9n y detuvieron a ocho palestinos. El jueves pasado, el &hellip;<\/p>\n","protected":false},"author":36,"featured_media":160931,"comment_status":"closed","ping_status":"closed","sticky":false,"template":"","format":"standard","meta":{"footnotes":""},"categories":[597,456,457],"tags":[],"class_list":["post-160930","post","type-post","status-publish","format-standard","has-post-thumbnail","","category-cinta-de-noticias","category-arabe-internacional-politica","category-noticias-arabe-internacional-politica"],"_links":{"self":[{"href":"https:\/\/archive.sana.sy\/es\/index.php?rest_route=\/wp\/v2\/posts\/160930"}],"collection":[{"href":"https:\/\/archive.sana.sy\/es\/index.php?rest_route=\/wp\/v2\/posts"}],"about":[{"href":"https:\/\/archive.sana.sy\/es\/index.php?rest_route=\/wp\/v2\/types\/post"}],"author":[{"embeddable":true,"href":"https:\/\/archive.sana.sy\/es\/index.php?rest_route=\/wp\/v2\/users\/36"}],"replies":[{"embeddable":true,"href":"https:\/\/archive.sana.sy\/es\/index.php?rest_route=%2Fwp%2Fv2%2Fcomments&post=160930"}],"version-history":[{"count":0,"href":"https:\/\/archive.sana.sy\/es\/index.php?rest_route=\/wp\/v2\/posts\/160930\/revisions"}],"wp:featuredmedia":[{"embeddable":true,"href":"https:\/\/archive.sana.sy\/es\/index.php?rest_route=\/wp\/v2\/media\/160931"}],"wp:attachment":[{"href":"https:\/\/archive.sana.sy\/es\/index.php?rest_route=%2Fwp%2Fv2%2Fmedia&parent=160930"}],"wp:term":[{"taxonomy":"category","embeddable":true,"href":"https:\/\/archive.sana.sy\/es\/index.php?rest_route=%2Fwp%2Fv2%2Fcategories&post=160930"},{"taxonomy":"post_tag","embeddable":true,"href":"https:\/\/archive.sana.sy\/es\/index.php?rest_route=%2Fwp%2Fv2%2Ftags&post=160930"}],"curies":[{"name":"wp","href":"https:\/\/api.w.org\/{rel}","templated":true}]}}