{"id":160933,"date":"2020-11-27T15:10:34","date_gmt":"2020-11-27T13:10:34","guid":{"rendered":"http:\/\/107.6.182.27\/es\/?p=160933"},"modified":"2020-11-27T21:50:57","modified_gmt":"2020-11-27T19:50:57","slug":"mueren-dos-ninos-tras-estallido-de-una-mina-colocada-por-los-terroristas-en-el-campo-de-raqa","status":"publish","type":"post","link":"https:\/\/archive.sana.sy\/es\/?p=160933","title":{"rendered":"Dos ni\u00f1os mueren por estallido de una mina colocada por terroristas en Raqa"},"content":{"rendered":"<p><span style=\"color: #800000;\">Raqa, SANA<\/span><\/p>\n<p style=\"text-align: justify;\">Dos ni\u00f1os perdieron la vida por la explosi\u00f3n de una mina remanente de las organizaciones terroristas en las cercan\u00edas de la localidad de Ain Issa, al norte de la provincia de Raqa.<\/p>\n<p style=\"text-align: justify;\">Conforme a activistas locales, el artefacto explot\u00f3 en las cercan\u00edas de la aldea de Abu Surra y caus\u00f3 lesiones a otros dos ni\u00f1os.<\/p>\n<p><em>mm\/fm<\/em><\/p>\n","protected":false},"excerpt":{"rendered":"<p>Raqa, SANA Dos ni\u00f1os perdieron la vida por la explosi\u00f3n de una mina remanente de las organizaciones terroristas en las cercan\u00edas de la localidad de Ain Issa, al norte de la provincia de Raqa. Conforme a activistas locales, el artefacto explot\u00f3 en las cercan\u00edas de la aldea de Abu Surra y caus\u00f3 lesiones a otros &hellip;<\/p>\n","protected":false},"author":36,"featured_media":160934,"comment_status":"closed","ping_status":"closed","sticky":false,"template":"","format":"standard","meta":{"footnotes":""},"categories":[597,573],"tags":[],"class_list":["post-160933","post","type-post","status-publish","format-standard","has-post-thumbnail","","category-cinta-de-noticias","category-la-realidad-de-los-acontecimientos-en-siria"],"_links":{"self":[{"href":"https:\/\/archive.sana.sy\/es\/index.php?rest_route=\/wp\/v2\/posts\/160933"}],"collection":[{"href":"https:\/\/archive.sana.sy\/es\/index.php?rest_route=\/wp\/v2\/posts"}],"about":[{"href":"https:\/\/archive.sana.sy\/es\/index.php?rest_route=\/wp\/v2\/types\/post"}],"author":[{"embeddable":true,"href":"https:\/\/archive.sana.sy\/es\/index.php?rest_route=\/wp\/v2\/users\/36"}],"replies":[{"embeddable":true,"href":"https:\/\/archive.sana.sy\/es\/index.php?rest_route=%2Fwp%2Fv2%2Fcomments&post=160933"}],"version-history":[{"count":0,"href":"https:\/\/archive.sana.sy\/es\/index.php?rest_route=\/wp\/v2\/posts\/160933\/revisions"}],"wp:featuredmedia":[{"embeddable":true,"href":"https:\/\/archive.sana.sy\/es\/index.php?rest_route=\/wp\/v2\/media\/160934"}],"wp:attachment":[{"href":"https:\/\/archive.sana.sy\/es\/index.php?rest_route=%2Fwp%2Fv2%2Fmedia&parent=160933"}],"wp:term":[{"taxonomy":"category","embeddable":true,"href":"https:\/\/archive.sana.sy\/es\/index.php?rest_route=%2Fwp%2Fv2%2Fcategories&post=160933"},{"taxonomy":"post_tag","embeddable":true,"href":"https:\/\/archive.sana.sy\/es\/index.php?rest_route=%2Fwp%2Fv2%2Ftags&post=160933"}],"curies":[{"name":"wp","href":"https:\/\/api.w.org\/{rel}","templated":true}]}}