{"id":160986,"date":"2020-11-27T20:55:02","date_gmt":"2020-11-27T18:55:02","guid":{"rendered":"http:\/\/107.6.182.27\/es\/?p=160986"},"modified":"2020-11-27T23:23:36","modified_gmt":"2020-11-27T21:23:36","slug":"siria-registra-93-nuevos-casos-de-covid-19","status":"publish","type":"post","link":"https:\/\/archive.sana.sy\/es\/?p=160986","title":{"rendered":"Siria registra 93 nuevos casos de Covid-19"},"content":{"rendered":"<p><span style=\"color: #800000;\">Damasco, SANA<\/span><\/p>\n<p style=\"text-align: justify;\">Las autoridades de salud sirias confirmaron 93 nuevos casos de la Covid-19 en las \u00faltimas 24 horas, para acumular siete mil 635 infectados desde el 22 de marzo pasado, fecha de la confirmaci\u00f3n del primer caso en el pa\u00eds.<\/p>\n<p style=\"text-align: justify;\">Una nota de prensa del Ministerio de Salud confirm\u00f3 59 nuevos recuperados para un total de tres mil 389 a nivel nacional.<\/p>\n<p style=\"text-align: justify;\">Asimismo, hubo cinco muertos por ese virus lo que eleva los decesos a nivel nacional a 404.<\/p>\n<p><span style=\"color: #0000ff;\">fm\/rr<\/span><\/p>\n","protected":false},"excerpt":{"rendered":"<p>Damasco, SANA Las autoridades de salud sirias confirmaron 93 nuevos casos de la Covid-19 en las \u00faltimas 24 horas, para acumular siete mil 635 infectados desde el 22 de marzo pasado, fecha de la confirmaci\u00f3n del primer caso en el pa\u00eds. Una nota de prensa del Ministerio de Salud confirm\u00f3 59 nuevos recuperados para un &hellip;<\/p>\n","protected":false},"author":31,"featured_media":160987,"comment_status":"closed","ping_status":"closed","sticky":false,"template":"","format":"standard","meta":{"footnotes":""},"categories":[597,476,7541],"tags":[],"class_list":["post-160986","post","type-post","status-publish","format-standard","has-post-thumbnail","","category-cinta-de-noticias","category-locales","category-ultimas-noticias"],"_links":{"self":[{"href":"https:\/\/archive.sana.sy\/es\/index.php?rest_route=\/wp\/v2\/posts\/160986"}],"collection":[{"href":"https:\/\/archive.sana.sy\/es\/index.php?rest_route=\/wp\/v2\/posts"}],"about":[{"href":"https:\/\/archive.sana.sy\/es\/index.php?rest_route=\/wp\/v2\/types\/post"}],"author":[{"embeddable":true,"href":"https:\/\/archive.sana.sy\/es\/index.php?rest_route=\/wp\/v2\/users\/31"}],"replies":[{"embeddable":true,"href":"https:\/\/archive.sana.sy\/es\/index.php?rest_route=%2Fwp%2Fv2%2Fcomments&post=160986"}],"version-history":[{"count":0,"href":"https:\/\/archive.sana.sy\/es\/index.php?rest_route=\/wp\/v2\/posts\/160986\/revisions"}],"wp:featuredmedia":[{"embeddable":true,"href":"https:\/\/archive.sana.sy\/es\/index.php?rest_route=\/wp\/v2\/media\/160987"}],"wp:attachment":[{"href":"https:\/\/archive.sana.sy\/es\/index.php?rest_route=%2Fwp%2Fv2%2Fmedia&parent=160986"}],"wp:term":[{"taxonomy":"category","embeddable":true,"href":"https:\/\/archive.sana.sy\/es\/index.php?rest_route=%2Fwp%2Fv2%2Fcategories&post=160986"},{"taxonomy":"post_tag","embeddable":true,"href":"https:\/\/archive.sana.sy\/es\/index.php?rest_route=%2Fwp%2Fv2%2Ftags&post=160986"}],"curies":[{"name":"wp","href":"https:\/\/api.w.org\/{rel}","templated":true}]}}